{"id":98,"date":"2023-06-30T10:38:27","date_gmt":"2023-06-30T10:38:27","guid":{"rendered":"https:\/\/demo.cmssuperheroes.com\/themeforest\/solatec\/?p=98"},"modified":"2025-04-18T13:40:41","modified_gmt":"2025-04-18T12:40:41","slug":"planification-des-energies-renouvelables","status":"publish","type":"post","link":"https:\/\/apalmw.com\/en\/planification-des-energies-renouvelables\/","title":{"rendered":"Planification des \u00e9nergies renouvelables et donn\u00e9es"},"content":{"rendered":"<div data-elementor-type=\"wp-post\" data-elementor-id=\"98\" class=\"elementor elementor-98\" data-elementor-post-type=\"post\">\n\t\t\t\t        <section class=\"elementor-section elementor-top-section elementor-element elementor-element-4d9ebbcd elementor-section-boxed elementor-section-height-default elementor-section-height-default cms-boxed-bg-false\" data-id=\"4d9ebbcd\" data-element_type=\"section\" data-e-type=\"section\">\r\n\t\t\r\n\t\t<div class=\"cms-section-boxed-bg\"><\/div>        <div class=\"elementor-container elementor-column-gap-default\">\r\n\t\t        <div class=\"elementor-column elementor-col-100 elementor-top-column elementor-element elementor-element-2bcac9ba\" data-id=\"2bcac9ba\" data-element_type=\"column\" data-e-type=\"column\">\r\n            <div class=\"elementor-widget-wrap elementor-element-populated\">\r\n                \t\t<div class=\"elementor-element elementor-element-36761922 elementor-widget elementor-widget-text-editor\" data-id=\"36761922\" data-element_type=\"widget\" data-e-type=\"widget\" data-widget_type=\"text-editor.default\">\n\t\t\t\t<div class=\"elementor-widget-container\">\n\t\t\t\t\t\t\t\t\t<p class=\"summary chapo\"><strong>La loi pour l&#8217;acc\u00e9l\u00e9ration de la production d&#8217;\u00e9nergies renouvelables pr\u00e9voit de mettre en place des zones d\u2019acc\u00e9l\u00e9ration sur le territoire. Pour ce faire, l\u2019Etat met \u00e0 disposition des communes et du public un outil cartographique permettant d\u2019obtenir des informations sur le d\u00e9veloppement des \u00e9nergies renouvelables sur le territoire.<\/strong><\/p><div class=\"content\"><div class=\"texte bloc\"><div class=\"field-wrapper field field--name-field-texte field--type-text-long field--label-hidden field__items\"><div class=\"field__item\"><p>En application de l\u2019article 15 de la loi \u00ab\u00a0Acc\u00e9l\u00e9ration de la Production d\u2019Energies Renouvelables\u00a0\u00bb publi\u00e9e le 10 mars 2023, le minist\u00e8re de la Transition \u00e9nerg\u00e9tique a mis en place un portail afin de mettre \u00e0 disposition des collectivit\u00e9s les donn\u00e9es relatives aux \u00e9nergies renouvelables sur leur territoire ainsi qu\u2019au potentiel de d\u00e9veloppement de telles EnR. Ce portail doit \u00e9galement permettre aux communes la d\u00e9finition de leurs zones d\u2019acc\u00e9l\u00e9ration.<\/p><h2 style=\"font-weight: 400;\">Les collectivit\u00e9s :\u00a0<b><strong>un r\u00f4le majeur dans la d\u00e9clinaison des politiques \u00e9nerg\u00e9tiques et climatiques<\/strong><\/b><\/h2><p style=\"font-weight: 400;\">Les collectivit\u00e9s d\u00e9tiennent de nombreux leviers en mati\u00e8re de transition \u00e9cologique et \u00e9nerg\u00e9tique. Par leurs comp\u00e9tences directes, les intercommunalit\u00e9s et les communes peuvent, par exemple, agir pour le d\u00e9veloppement des \u00e9nergies renouvelables, de chaleur et froid de r\u00e9cup\u00e9ration, ainsi que pour l\u2019\u00e9volution des r\u00e9seaux \u00e9nerg\u00e9tiques.<\/p><p style=\"font-weight: 400;\">Leurs pouvoirs vont encore \u00eatre renforc\u00e9s : \u00e0 compter de la rentr\u00e9e de septembre 2023, durant six mois, la co-construction avec les collectivit\u00e9s sera mise en \u0153uvre syst\u00e9matiquement pour les objectifs de la planification \u00e9cologique, afin de d\u00e9finir la cible quantifi\u00e9e (de r\u00e9duction des \u00e9missions de gaz \u00e0 effet de serre, de consommation d\u2019\u00e9nergie, etc.) pour chaque territoire, et les leviers pour y parvenir. Ce travail devra permettre de r\u00e9unir les moyens financiers et d\u2019ing\u00e9nierie adapt\u00e9s aux enjeux et capacit\u00e9s des territoires.<\/p><p style=\"font-weight: 400;\">Pour en assurer le bon suivi, la Conf\u00e9rence des ex\u00e9cutifs locaux, institu\u00e9e par la Premi\u00e8re ministre, se r\u00e9unira tous les trimestres. Il s\u2019agira pour les neuf associations d\u2019\u00e9lus et les ministres concern\u00e9s d\u2019<b><strong>impulser les diff\u00e9rentes r\u00e9formes en mati\u00e8re \u00e9cologique et \u00e9nerg\u00e9tique et de les adapter \u00e0 la r\u00e9alit\u00e9 de chaque bassin de vie. <\/strong><\/b><\/p><h3 style=\"font-weight: 400;\"><strong>2021\u00a0: le r\u00f4le des collectivit\u00e9s renforc\u00e9 par la loi \u00ab\u00a0Climat et R\u00e9silience\u00a0\u00bb<\/strong><\/h3><p style=\"font-weight: 400;\">La Convention citoyenne pour le climat et son d\u00e9bouch\u00e9, la loi dite \u00ab\u00a0Climat et R\u00e9silience\u00a0\u00bb, ont renforc\u00e9 le r\u00f4le des collectivit\u00e9s dans la r\u00e9alisation des objectifs de la politique \u00e9nerg\u00e9tique. A cette fin, l\u2019article 83 de la loi climat et r\u00e9silience de 2021 a pr\u00e9vu\u00a0:<\/p><ul style=\"font-weight: 400;\"><li><b><strong>la<\/strong><\/b> <b><strong>cr\u00e9ation d\u2019un comit\u00e9 r\u00e9gional de l\u2019\u00e9nergie,<\/strong><\/b> compos\u00e9 en partie d\u2019\u00e9lus locaux, qui aura notamment pour mission de favoriser la concertation, en particulier avec les collectivit\u00e9s territoriales, sur les questions relatives \u00e0 l&#8217;\u00e9nergie au sein de la r\u00e9gion ;<\/li><li><b><strong>la fixation d\u2019objectifs r\u00e9gionaux de d\u00e9veloppement des \u00e9nergies renouvelables <\/strong><\/b>par d\u00e9cret, sur proposition des comit\u00e9s r\u00e9gionaux de l\u2019\u00e9nergie et apr\u00e8s concertation avec les conseils r\u00e9gionaux concern\u00e9s. Ces objectifs r\u00e9gionaux devront contribuer aux objectifs l\u00e9gislatifs nationaux.<\/li><li><b><strong>la d\u00e9finition d\u2019une m\u00e9thode et d\u2019indicateurs communs permettant de suivre<\/strong><\/b>, de fa\u00e7on partag\u00e9e entre les collectivit\u00e9s territoriales et l&#8217;Etat, le d\u00e9ploiement et la mise en \u0153uvre des objectifs r\u00e9gionaux de d\u00e9veloppement des \u00e9nergies renouvelables.<\/li><\/ul><p><b><strong>l\u2019engagement, par les r\u00e9gions, des proc\u00e9dures de mise en compatibilit\u00e9 des SRADDET<\/strong><\/b> (ou le SRCAE en Ile-de-France) avec les objectifs r\u00e9gionaux, dans un d\u00e9lai de 6 mois \u00e0 compter de la publication du d\u00e9cret fixant ces objectifs.<\/p><p><b><strong>2023<\/strong><\/b><b><strong>\u00a0<\/strong><\/b><b><strong>: une nouvelle \u00e9tape franchie avec la loi d\u2019acc\u00e9l\u00e9ration de la production d\u2019\u00e9nergies renouvelables<\/strong><\/b><\/p><p style=\"font-weight: 400;\">Promulgu\u00e9e en mars 2023, cette loi fait de la planification territoriale des \u00e9nergies renouvelables une priorit\u00e9. Pour cela, elle r\u00e9affirme le r\u00f4le crucial des collectivit\u00e9s territoriales et des \u00e9lus locaux en termes d\u2019am\u00e9nagement du territoire en leur donnant de nouveaux leviers d\u2019action.<\/p><p style=\"font-weight: 400;\"><b><strong>Gr\u00e2ce \u00e0 cette loi, les communes peuvent d\u00e9sormais d\u00e9finir, apr\u00e8s concertation avec leurs administr\u00e9s, des zones d\u2019acc\u00e9l\u00e9ration, o\u00f9 elles souhaitent prioritairement voir des projets d\u2019\u00e9nergies renouvelables s\u2019implanter.<\/strong><\/b> Ces zones d\u2019acc\u00e9l\u00e9ration peuvent concerner toutes les \u00e9nergies renouvelables : le photovolta\u00efque, le solaire thermique, l\u2019\u00e9olien, le biogaz, la g\u00e9othermie, etc. Tous les territoires sont ainsi concern\u00e9s\u00a0et pourront personnaliser leurs zones d\u2019acc\u00e9l\u00e9ration en fonction de la r\u00e9alit\u00e9 de leur territoire et de leur potentiel d\u2019\u00e9nergies renouvelables.<\/p><p style=\"font-weight: 400;\">Ces zones d\u2019acc\u00e9l\u00e9ration ne seront pas des zones exclusives\u00a0: des projets pourront \u00eatre autoris\u00e9s en dehors. <b><strong>Toutefois, un comit\u00e9 de projet sera obligatoire pour ces projets, afin d\u2019inclure la commune d\u2019implantation du projet et les communes limitrophes dans les discussions pr\u00e9liminaires au plus t\u00f4t.<\/strong><\/b><\/p><p style=\"font-weight: 400;\">Les porteurs de projet seront, quoi qu\u2019il en soit, incit\u00e9s \u00e0 se diriger vers ces zones d\u2019acc\u00e9l\u00e9ration.<\/p><ul style=\"font-weight: 400;\"><li>D\u2019abord, parce qu\u2019elles correspondront \u00e0 une volont\u00e9 politique et t\u00e9moigneront d\u2019une d\u00e9sirabilit\u00e9 locale du projet d\u2019\u00e9nergie renouvelable.<\/li><li>Ensuite, parce <b><strong>que le Gouvernement mettra en place des avantages financiers pour les porteurs de projet s\u2019implantant sur ces zones<\/strong><\/b>. Cela permettra aux zones d\u2019acc\u00e9l\u00e9ration d\u2019\u00eatre attractives \u00e9conomiquement et de compenser des conditions climatiques \u00e9ventuellement moins avantageuses.<\/li><\/ul><p style=\"font-weight: 400;\">Afin de faciliter le lien entre ces zones et les documents de planification du territoire concern\u00e9, les collectivit\u00e9s pourront inclure ces zones dans leurs documents d\u2019urbanismes via la proc\u00e9dure de modification simplifi\u00e9e.<\/p><p style=\"font-weight: 400;\">A compter du 1<sup>er<\/sup> juillet 2023, et jusqu\u2019\u00e0 la fin de l\u2019ann\u00e9e 2023, les \u00e9lus locaux sont invit\u00e9s \u00e0 proposer leurs zones d\u2019acc\u00e9l\u00e9ration. L\u2019objectif est que <b><strong>les communes puissent faire leurs remont\u00e9es \u00e0 leur R\u00e9f\u00e9rent Pr\u00e9fectoral <\/strong><\/b><b><strong>avant le \u00a031 d\u00e9cembre 2023<\/strong><\/b>. Pass\u00e9e cette \u00e9ch\u00e9ance, il sera toutefois possible de communiquer des zones d\u2019acc\u00e9l\u00e9ration \u00e0 l\u2019\u00c9tat, au fil de l\u2019eau en concertation avec le R\u00e9f\u00e9rent Pr\u00e9fectoral.<\/p><p style=\"font-weight: 400;\">Ce dernier pr\u00e9sentera les zones d\u2019acc\u00e9l\u00e9ration lors d\u2019une conf\u00e9rence d\u00e9partementale. Il transmettra \u00e9galement la cartographie des zones d&#8217;acc\u00e9l\u00e9ration pour avis au comit\u00e9 r\u00e9gional de l&#8217;\u00e9nergie.<\/p><p>L&#8217;avis du comit\u00e9 r\u00e9gional de l&#8217;\u00e9nergie ou de l&#8217;organe en tenant lieu sera transmis aux r\u00e9f\u00e9rents pr\u00e9fectoraux au plus tard trois mois apr\u00e8s la r\u00e9ception de la cartographie des zones d&#8217;acc\u00e9l\u00e9ration transmise. Deux possibilit\u00e9s sont alors possibles\u00a0:<\/p><ul><li>Si l\u2019avis conclut que les zones d&#8217;acc\u00e9l\u00e9ration identifi\u00e9es au niveau r\u00e9gional sont <strong>suffisantes<\/strong> pour l&#8217;atteinte des objectifs r\u00e9gionaux, les r\u00e9f\u00e9rents pr\u00e9fectoraux de la r\u00e9gion concern\u00e9e arr\u00eateront la cartographie des zones identifi\u00e9es \u00e0 l&#8217;\u00e9chelle de chaque d\u00e9partement, apr\u00e8s avoir recueilli l&#8217;avis conforme des communes du d\u00e9partement, exprim\u00e9 par d\u00e9lib\u00e9ration du conseil municipal, chacune pour ce qui concerne les zones d&#8217;acc\u00e9l\u00e9ration situ\u00e9es sur son territoire.<\/li><li>Au contraire, si l\u2019avis conclut que les zones d&#8217;acc\u00e9l\u00e9ration pr\u00e9cit\u00e9es <strong>ne sont pas suffisantes<\/strong> pour l&#8217;atteinte des objectifs r\u00e9gionaux, les r\u00e9f\u00e9rents pr\u00e9fectoraux demanderont aux communes de la r\u00e9gion l&#8217;identification de zones d&#8217;acc\u00e9l\u00e9ration compl\u00e9mentaires. Les zones d&#8217;acc\u00e9l\u00e9ration nouvellement identifi\u00e9es seront alors soumises, dans un d\u00e9lai de trois mois \u00e0 compter de la demande des r\u00e9f\u00e9rents pr\u00e9fectoraux, au comit\u00e9 r\u00e9gional de l&#8217;\u00e9nergie, qui devra \u00e9mettre un nouvel avis. Dans un d\u00e9lai de deux mois \u00e0 compter de ce nouvel avis, les r\u00e9f\u00e9rents pr\u00e9fectoraux arr\u00eateront la cartographie des zones identifi\u00e9es \u00e0 l&#8217;\u00e9chelle de chaque d\u00e9partement, apr\u00e8s avoir recueilli l&#8217;avis conforme des communes concern\u00e9es du d\u00e9partement.<\/li><\/ul><p><strong>Une fois la confirmation que les zones sont suffisantes pour atteindre les objectifs r\u00e9gionalis\u00e9s de d\u00e9veloppement des \u00e9nergies renouvelables, les communes de la r\u00e9gion concern\u00e9e pourront b\u00e9n\u00e9ficier de certains avantages<\/strong>.<\/p><p><strong>Elles pourront notamment identifier des zones d\u2019exclusion, sur leur territoire, sur lesquelles l\u2019implantation de projets d\u2019\u00e9nergie renouvelable ne sera pas autoris\u00e9e.<\/strong><\/p><p style=\"font-weight: 400;\">A noter\u00a0: les avantages d\u00e9coulant des zones d\u2019acc\u00e9l\u00e9ration ne sont pas li\u00e9s aux documents d\u2019urbanisme. Il n\u2019est donc pas n\u00e9cessaire d\u2019attendre la modification des documents d\u2019urbanisme pour en b\u00e9n\u00e9ficier.<\/p><h4>OBJECTIFS REGIONALISES<\/h4><p style=\"font-weight: 400;\">Une fois que la nouvelle Programmation Pluriannuelle de l\u2019Energie (PPE) nationale sera adopt\u00e9e, fin 2024, les comit\u00e9s r\u00e9gionaux de l&#8217;\u00e9nergie devront faire des propositions d&#8217;objectifs r\u00e9gionaux de d\u00e9veloppement des \u00e9nergies renouvelables, dans les 2 mois qui suivent la demande de la ministre de la Transition \u00e9nerg\u00e9tique.<\/p><p style=\"font-weight: 400;\">Pour l\u2019\u00e9laboration de la proposition, les comit\u00e9s pourront s\u2019appuyer sur des \u00e9tudes de potentiels \u00e9nerg\u00e9tiques.<\/p><p style=\"font-weight: 400;\">En l\u2019attente de la d\u00e9finition de ces objectifs r\u00e9gionalis\u00e9s, des outils seront toutefois disponibles afin de fixer des objectifs \u00e0 chaque territoire.<\/p><h4>COMITE DE PROJET OBLIGATOIRE EN DEHORS DES ZONES D\u2019ACCELERATION<\/h4><p style=\"font-weight: 400;\">Le comit\u00e9 de projet est obligatoire pour les projets en dehors des zones d\u2019acc\u00e9l\u00e9ration, et au-del\u00e0 d\u2019une certaine puissance.<\/p><p style=\"font-weight: 400;\">Le comit\u00e9 de projet se r\u00e9unira deux fois :<\/p><ul style=\"font-weight: 400;\"><li>Une premi\u00e8re r\u00e9union r\u00e9alis\u00e9e avant tout engagement du porteur de projet dans des proc\u00e9dures administrative ou financi\u00e8res. Cette r\u00e9union permettra d\u2019\u00e9valuer la pertinence du projet et de sa localisation. Le comit\u00e9 pourra \u00e9mettre des recommandations, et le porteur de projet choisira, ou non, de poursuivre son projet.<\/li><li>Une deuxi\u00e8me r\u00e9union permettra ensuite au porteur de projet <b><strong>de r\u00e9pondre aux pr\u00e9conisations et vigilances \u00e9mises par le comit\u00e9<\/strong><\/b>.<\/li><\/ul><p style=\"font-weight: 400;\">Des repr\u00e9sentants des collectivit\u00e9s territoriales participeront \u00e0 ce comit\u00e9 de projet\u00a0:<\/p><ul style=\"font-weight: 400;\"><li>un repr\u00e9sentant de la commune et un repr\u00e9sentant de l\u2019EPCI si celui-ci poss\u00e8de la comp\u00e9tence \u00e9nergie renouvelable ;<\/li><li>les repr\u00e9sentants des communes concern\u00e9es par l\u2019enqu\u00eate publique lorsqu\u2019il s\u2019agit d\u2019une Installation class\u00e9e protection de l&#8217;environnement (ICPE), ou <i><em>a minima<\/em><\/i> des communes limitrophes.<\/li><\/ul><\/div><\/div><\/div><\/div><p><\/p><\/div><\/div><\/div><\/div><\/div><\/section><\/div> <a href=\"https:\/\/apalmw.com\/en\/planification-des-energies-renouvelables\/#more-98\" class=\"more-link elementor-more-link\"><span aria-label=\"Continue reading Planification des \u00e9nergies renouvelables et donn\u00e9es\">(more&hellip;)<\/span><\/a>","protected":false},"excerpt":{"rendered":"<p>Department of Energy, which is why we have funded six teams to improve technologies that will protect eagles sharing airspace with the new wind turbines<\/p>","protected":false},"author":1,"featured_media":5712,"comment_status":"closed","ping_status":"closed","sticky":false,"template":"","format":"standard","meta":{"_coblocks_attr":"","_coblocks_dimensions":"","_coblocks_responsive_height":"","_coblocks_accordion_ie_support":"","footnotes":""},"categories":[2,3,5],"tags":[],"class_list":["post-98","post","type-post","status-publish","format-standard","has-post-thumbnail","hentry","category-energie","category-eolien","category-solaire","cms-has-post-thumbnail"],"yoast_head":"<!-- This site is optimized with the Yoast SEO plugin v27.5 - https:\/\/yoast.com\/product\/yoast-seo-wordpress\/ -->\n<title>Planification des \u00e9nergies renouvelables et donn\u00e9es - Ensemble vers l&#039;\u00e9nergie de demain<\/title>\n<meta name=\"robots\" content=\"index, follow, max-snippet:-1, max-image-preview:large, max-video-preview:-1\" \/>\n<link rel=\"canonical\" href=\"https:\/\/apalmw.com\/en\/planification-des-energies-renouvelables\/\" \/>\n<meta property=\"og:locale\" content=\"en_US\" \/>\n<meta property=\"og:type\" content=\"article\" \/>\n<meta property=\"og:title\" content=\"Planification des \u00e9nergies renouvelables et donn\u00e9es - Ensemble vers l&#039;\u00e9nergie de demain\" \/>\n<meta property=\"og:description\" content=\"Department of Energy, which is why we have funded six teams to improve technologies that will protect eagles sharing airspace with the new wind turbines\" \/>\n<meta property=\"og:url\" content=\"https:\/\/apalmw.com\/en\/planification-des-energies-renouvelables\/\" \/>\n<meta property=\"og:site_name\" content=\"APAL MW\" \/>\n<meta property=\"article:author\" content=\"https:\/\/www.facebook.com\/profile.php?id=61583036103410\" \/>\n<meta property=\"article:published_time\" content=\"2023-06-30T10:38:27+00:00\" \/>\n<meta property=\"article:modified_time\" content=\"2025-04-18T12:40:41+00:00\" \/>\n<meta property=\"og:image\" content=\"https:\/\/apalmw.com\/wp-content\/uploads\/2020\/12\/APAL_MW_energie_solaire_2.jpg\" \/>\n\t<meta property=\"og:image:width\" content=\"1200\" \/>\n\t<meta property=\"og:image:height\" content=\"1200\" \/>\n\t<meta property=\"og:image:type\" content=\"image\/jpeg\" \/>\n<meta name=\"author\" content=\"apal_mw\" \/>\n<meta name=\"twitter:card\" content=\"summary_large_image\" \/>\n<meta name=\"twitter:label1\" content=\"Written by\" \/>\n\t<meta name=\"twitter:data1\" content=\"apal_mw\" \/>\n\t<meta name=\"twitter:label2\" content=\"Est. reading time\" \/>\n\t<meta name=\"twitter:data2\" content=\"8 minutes\" \/>\n<script type=\"application\/ld+json\" class=\"yoast-schema-graph\">{\"@context\":\"https:\\\/\\\/schema.org\",\"@graph\":[{\"@type\":\"Article\",\"@id\":\"https:\\\/\\\/apalmw.com\\\/planification-des-energies-renouvelables\\\/#article\",\"isPartOf\":{\"@id\":\"https:\\\/\\\/apalmw.com\\\/planification-des-energies-renouvelables\\\/\"},\"author\":{\"name\":\"apal_mw\",\"@id\":\"https:\\\/\\\/apalmw.com\\\/#\\\/schema\\\/person\\\/c8ad8831c9e665b93c2d396cb7deaba3\"},\"headline\":\"Planification des \u00e9nergies renouvelables et donn\u00e9es\",\"datePublished\":\"2023-06-30T10:38:27+00:00\",\"dateModified\":\"2025-04-18T12:40:41+00:00\",\"mainEntityOfPage\":{\"@id\":\"https:\\\/\\\/apalmw.com\\\/planification-des-energies-renouvelables\\\/\"},\"wordCount\":1733,\"publisher\":{\"@id\":\"https:\\\/\\\/apalmw.com\\\/#organization\"},\"image\":{\"@id\":\"https:\\\/\\\/apalmw.com\\\/planification-des-energies-renouvelables\\\/#primaryimage\"},\"thumbnailUrl\":\"https:\\\/\\\/apalmw.com\\\/wp-content\\\/uploads\\\/2020\\\/12\\\/APAL_MW_energie_solaire_2.jpg\",\"articleSection\":[\"\u00c9nergie\",\"\u00c9olien\",\"Solaire\"],\"inLanguage\":\"en-US\"},{\"@type\":\"WebPage\",\"@id\":\"https:\\\/\\\/apalmw.com\\\/planification-des-energies-renouvelables\\\/\",\"url\":\"https:\\\/\\\/apalmw.com\\\/planification-des-energies-renouvelables\\\/\",\"name\":\"Planification des \u00e9nergies renouvelables et donn\u00e9es - Ensemble vers l&#039;\u00e9nergie de demain\",\"isPartOf\":{\"@id\":\"https:\\\/\\\/apalmw.com\\\/#website\"},\"primaryImageOfPage\":{\"@id\":\"https:\\\/\\\/apalmw.com\\\/planification-des-energies-renouvelables\\\/#primaryimage\"},\"image\":{\"@id\":\"https:\\\/\\\/apalmw.com\\\/planification-des-energies-renouvelables\\\/#primaryimage\"},\"thumbnailUrl\":\"https:\\\/\\\/apalmw.com\\\/wp-content\\\/uploads\\\/2020\\\/12\\\/APAL_MW_energie_solaire_2.jpg\",\"datePublished\":\"2023-06-30T10:38:27+00:00\",\"dateModified\":\"2025-04-18T12:40:41+00:00\",\"breadcrumb\":{\"@id\":\"https:\\\/\\\/apalmw.com\\\/planification-des-energies-renouvelables\\\/#breadcrumb\"},\"inLanguage\":\"en-US\",\"potentialAction\":[{\"@type\":\"ReadAction\",\"target\":[\"https:\\\/\\\/apalmw.com\\\/planification-des-energies-renouvelables\\\/\"]}]},{\"@type\":\"ImageObject\",\"inLanguage\":\"en-US\",\"@id\":\"https:\\\/\\\/apalmw.com\\\/planification-des-energies-renouvelables\\\/#primaryimage\",\"url\":\"https:\\\/\\\/apalmw.com\\\/wp-content\\\/uploads\\\/2020\\\/12\\\/APAL_MW_energie_solaire_2.jpg\",\"contentUrl\":\"https:\\\/\\\/apalmw.com\\\/wp-content\\\/uploads\\\/2020\\\/12\\\/APAL_MW_energie_solaire_2.jpg\",\"width\":1200,\"height\":1200,\"caption\":\"L'image montre une personne portant un casque de s\u00e9curit\u00e9 jaune et un gilet de s\u00e9curit\u00e9 r\u00e9fl\u00e9chissant se tenant au premier plan. En arri\u00e8re-plan, il y a des \u00e9oliennes et des panneaux solaires install\u00e9s sur un champ. Une autre personne est visible en arri\u00e8re-plan, pointant vers les \u00e9oliennes. Le ciel est nuageux et le cadre semble \u00eatre un site ext\u00e9rieur d\u00e9di\u00e9 aux \u00e9nergies renouvelables.\"},{\"@type\":\"BreadcrumbList\",\"@id\":\"https:\\\/\\\/apalmw.com\\\/planification-des-energies-renouvelables\\\/#breadcrumb\",\"itemListElement\":[{\"@type\":\"ListItem\",\"position\":1,\"name\":\"Accueil\",\"item\":\"https:\\\/\\\/apalmw.com\\\/\"},{\"@type\":\"ListItem\",\"position\":2,\"name\":\"Planification des \u00e9nergies renouvelables et donn\u00e9es\"}]},{\"@type\":\"WebSite\",\"@id\":\"https:\\\/\\\/apalmw.com\\\/#website\",\"url\":\"https:\\\/\\\/apalmw.com\\\/\",\"name\":\"APAL MW\",\"description\":\"Ensemble vers l&#039;\u00e9nergie de demain\",\"publisher\":{\"@id\":\"https:\\\/\\\/apalmw.com\\\/#organization\"},\"alternateName\":\"APAL\",\"potentialAction\":[{\"@type\":\"SearchAction\",\"target\":{\"@type\":\"EntryPoint\",\"urlTemplate\":\"https:\\\/\\\/apalmw.com\\\/?s={search_term_string}\"},\"query-input\":{\"@type\":\"PropertyValueSpecification\",\"valueRequired\":true,\"valueName\":\"search_term_string\"}}],\"inLanguage\":\"en-US\"},{\"@type\":\"Organization\",\"@id\":\"https:\\\/\\\/apalmw.com\\\/#organization\",\"name\":\"APAL MW\",\"alternateName\":\"APALMW\",\"url\":\"https:\\\/\\\/apalmw.com\\\/\",\"logo\":{\"@type\":\"ImageObject\",\"inLanguage\":\"en-US\",\"@id\":\"https:\\\/\\\/apalmw.com\\\/#\\\/schema\\\/logo\\\/image\\\/\",\"url\":\"\",\"contentUrl\":\"\",\"caption\":\"APAL MW\"},\"image\":{\"@id\":\"https:\\\/\\\/apalmw.com\\\/#\\\/schema\\\/logo\\\/image\\\/\"},\"sameAs\":[\"https:\\\/\\\/fr.linkedin.com\\\/company\\\/apal-mw\",\"https:\\\/\\\/www.youtube.com\\\/@APALMW\"]},{\"@type\":\"Person\",\"@id\":\"https:\\\/\\\/apalmw.com\\\/#\\\/schema\\\/person\\\/c8ad8831c9e665b93c2d396cb7deaba3\",\"name\":\"apal_mw\",\"image\":{\"@type\":\"ImageObject\",\"inLanguage\":\"en-US\",\"@id\":\"https:\\\/\\\/secure.gravatar.com\\\/avatar\\\/e72f9485464a294f5b3a53988918fd0d57f2abce487c0e34b1b9192e01388adb?s=96&d=mm&r=g\",\"url\":\"https:\\\/\\\/secure.gravatar.com\\\/avatar\\\/e72f9485464a294f5b3a53988918fd0d57f2abce487c0e34b1b9192e01388adb?s=96&d=mm&r=g\",\"contentUrl\":\"https:\\\/\\\/secure.gravatar.com\\\/avatar\\\/e72f9485464a294f5b3a53988918fd0d57f2abce487c0e34b1b9192e01388adb?s=96&d=mm&r=g\",\"caption\":\"apal_mw\"},\"sameAs\":[\"https:\\\/\\\/apalmw.com\",\"https:\\\/\\\/www.facebook.com\\\/profile.php?id=61583036103410\",\"https:\\\/\\\/www.instagram.com\\\/apal_mw\",\"https:\\\/\\\/www.linkedin.com\\\/company\\\/apal-mw\",\"https:\\\/\\\/www.youtube.com\\\/@APALMW\"],\"url\":\"https:\\\/\\\/apalmw.com\\\/en\\\/author\\\/apalmwnicolas\\\/\"}]}<\/script>\n<!-- \/ Yoast SEO plugin. -->","yoast_head_json":{"title":"Planification des \u00e9nergies renouvelables et donn\u00e9es - Ensemble vers l&#039;\u00e9nergie de demain","robots":{"index":"index","follow":"follow","max-snippet":"max-snippet:-1","max-image-preview":"max-image-preview:large","max-video-preview":"max-video-preview:-1"},"canonical":"https:\/\/apalmw.com\/en\/planification-des-energies-renouvelables\/","og_locale":"en_US","og_type":"article","og_title":"Planification des \u00e9nergies renouvelables et donn\u00e9es - Ensemble vers l&#039;\u00e9nergie de demain","og_description":"Department of Energy, which is why we have funded six teams to improve technologies that will protect eagles sharing airspace with the new wind turbines","og_url":"https:\/\/apalmw.com\/en\/planification-des-energies-renouvelables\/","og_site_name":"APAL MW","article_author":"https:\/\/www.facebook.com\/profile.php?id=61583036103410","article_published_time":"2023-06-30T10:38:27+00:00","article_modified_time":"2025-04-18T12:40:41+00:00","og_image":[{"width":1200,"height":1200,"url":"https:\/\/apalmw.com\/wp-content\/uploads\/2020\/12\/APAL_MW_energie_solaire_2.jpg","type":"image\/jpeg"}],"author":"apal_mw","twitter_card":"summary_large_image","twitter_misc":{"Written by":"apal_mw","Est. reading time":"8 minutes"},"schema":{"@context":"https:\/\/schema.org","@graph":[{"@type":"Article","@id":"https:\/\/apalmw.com\/planification-des-energies-renouvelables\/#article","isPartOf":{"@id":"https:\/\/apalmw.com\/planification-des-energies-renouvelables\/"},"author":{"name":"apal_mw","@id":"https:\/\/apalmw.com\/#\/schema\/person\/c8ad8831c9e665b93c2d396cb7deaba3"},"headline":"Planification des \u00e9nergies renouvelables et donn\u00e9es","datePublished":"2023-06-30T10:38:27+00:00","dateModified":"2025-04-18T12:40:41+00:00","mainEntityOfPage":{"@id":"https:\/\/apalmw.com\/planification-des-energies-renouvelables\/"},"wordCount":1733,"publisher":{"@id":"https:\/\/apalmw.com\/#organization"},"image":{"@id":"https:\/\/apalmw.com\/planification-des-energies-renouvelables\/#primaryimage"},"thumbnailUrl":"https:\/\/apalmw.com\/wp-content\/uploads\/2020\/12\/APAL_MW_energie_solaire_2.jpg","articleSection":["\u00c9nergie","\u00c9olien","Solaire"],"inLanguage":"en-US"},{"@type":"WebPage","@id":"https:\/\/apalmw.com\/planification-des-energies-renouvelables\/","url":"https:\/\/apalmw.com\/planification-des-energies-renouvelables\/","name":"Planification des \u00e9nergies renouvelables et donn\u00e9es - Ensemble vers l&#039;\u00e9nergie de demain","isPartOf":{"@id":"https:\/\/apalmw.com\/#website"},"primaryImageOfPage":{"@id":"https:\/\/apalmw.com\/planification-des-energies-renouvelables\/#primaryimage"},"image":{"@id":"https:\/\/apalmw.com\/planification-des-energies-renouvelables\/#primaryimage"},"thumbnailUrl":"https:\/\/apalmw.com\/wp-content\/uploads\/2020\/12\/APAL_MW_energie_solaire_2.jpg","datePublished":"2023-06-30T10:38:27+00:00","dateModified":"2025-04-18T12:40:41+00:00","breadcrumb":{"@id":"https:\/\/apalmw.com\/planification-des-energies-renouvelables\/#breadcrumb"},"inLanguage":"en-US","potentialAction":[{"@type":"ReadAction","target":["https:\/\/apalmw.com\/planification-des-energies-renouvelables\/"]}]},{"@type":"ImageObject","inLanguage":"en-US","@id":"https:\/\/apalmw.com\/planification-des-energies-renouvelables\/#primaryimage","url":"https:\/\/apalmw.com\/wp-content\/uploads\/2020\/12\/APAL_MW_energie_solaire_2.jpg","contentUrl":"https:\/\/apalmw.com\/wp-content\/uploads\/2020\/12\/APAL_MW_energie_solaire_2.jpg","width":1200,"height":1200,"caption":"L'image montre une personne portant un casque de s\u00e9curit\u00e9 jaune et un gilet de s\u00e9curit\u00e9 r\u00e9fl\u00e9chissant se tenant au premier plan. En arri\u00e8re-plan, il y a des \u00e9oliennes et des panneaux solaires install\u00e9s sur un champ. Une autre personne est visible en arri\u00e8re-plan, pointant vers les \u00e9oliennes. Le ciel est nuageux et le cadre semble \u00eatre un site ext\u00e9rieur d\u00e9di\u00e9 aux \u00e9nergies renouvelables."},{"@type":"BreadcrumbList","@id":"https:\/\/apalmw.com\/planification-des-energies-renouvelables\/#breadcrumb","itemListElement":[{"@type":"ListItem","position":1,"name":"Accueil","item":"https:\/\/apalmw.com\/"},{"@type":"ListItem","position":2,"name":"Planification des \u00e9nergies renouvelables et donn\u00e9es"}]},{"@type":"WebSite","@id":"https:\/\/apalmw.com\/#website","url":"https:\/\/apalmw.com\/","name":"APAL MW","description":"Ensemble vers l&#039;\u00e9nergie de demain","publisher":{"@id":"https:\/\/apalmw.com\/#organization"},"alternateName":"APAL","potentialAction":[{"@type":"SearchAction","target":{"@type":"EntryPoint","urlTemplate":"https:\/\/apalmw.com\/?s={search_term_string}"},"query-input":{"@type":"PropertyValueSpecification","valueRequired":true,"valueName":"search_term_string"}}],"inLanguage":"en-US"},{"@type":"Organization","@id":"https:\/\/apalmw.com\/#organization","name":"APAL MW","alternateName":"APALMW","url":"https:\/\/apalmw.com\/","logo":{"@type":"ImageObject","inLanguage":"en-US","@id":"https:\/\/apalmw.com\/#\/schema\/logo\/image\/","url":"","contentUrl":"","caption":"APAL MW"},"image":{"@id":"https:\/\/apalmw.com\/#\/schema\/logo\/image\/"},"sameAs":["https:\/\/fr.linkedin.com\/company\/apal-mw","https:\/\/www.youtube.com\/@APALMW"]},{"@type":"Person","@id":"https:\/\/apalmw.com\/#\/schema\/person\/c8ad8831c9e665b93c2d396cb7deaba3","name":"apal_mw","image":{"@type":"ImageObject","inLanguage":"en-US","@id":"https:\/\/secure.gravatar.com\/avatar\/e72f9485464a294f5b3a53988918fd0d57f2abce487c0e34b1b9192e01388adb?s=96&d=mm&r=g","url":"https:\/\/secure.gravatar.com\/avatar\/e72f9485464a294f5b3a53988918fd0d57f2abce487c0e34b1b9192e01388adb?s=96&d=mm&r=g","contentUrl":"https:\/\/secure.gravatar.com\/avatar\/e72f9485464a294f5b3a53988918fd0d57f2abce487c0e34b1b9192e01388adb?s=96&d=mm&r=g","caption":"apal_mw"},"sameAs":["https:\/\/apalmw.com","https:\/\/www.facebook.com\/profile.php?id=61583036103410","https:\/\/www.instagram.com\/apal_mw","https:\/\/www.linkedin.com\/company\/apal-mw","https:\/\/www.youtube.com\/@APALMW"],"url":"https:\/\/apalmw.com\/en\/author\/apalmwnicolas\/"}]}},"_links":{"self":[{"href":"https:\/\/apalmw.com\/en\/wp-json\/wp\/v2\/posts\/98","targetHints":{"allow":["GET"]}}],"collection":[{"href":"https:\/\/apalmw.com\/en\/wp-json\/wp\/v2\/posts"}],"about":[{"href":"https:\/\/apalmw.com\/en\/wp-json\/wp\/v2\/types\/post"}],"author":[{"embeddable":true,"href":"https:\/\/apalmw.com\/en\/wp-json\/wp\/v2\/users\/1"}],"replies":[{"embeddable":true,"href":"https:\/\/apalmw.com\/en\/wp-json\/wp\/v2\/comments?post=98"}],"version-history":[{"count":5,"href":"https:\/\/apalmw.com\/en\/wp-json\/wp\/v2\/posts\/98\/revisions"}],"predecessor-version":[{"id":7999,"href":"https:\/\/apalmw.com\/en\/wp-json\/wp\/v2\/posts\/98\/revisions\/7999"}],"wp:featuredmedia":[{"embeddable":true,"href":"https:\/\/apalmw.com\/en\/wp-json\/wp\/v2\/media\/5712"}],"wp:attachment":[{"href":"https:\/\/apalmw.com\/en\/wp-json\/wp\/v2\/media?parent=98"}],"wp:term":[{"taxonomy":"category","embeddable":true,"href":"https:\/\/apalmw.com\/en\/wp-json\/wp\/v2\/categories?post=98"},{"taxonomy":"post_tag","embeddable":true,"href":"https:\/\/apalmw.com\/en\/wp-json\/wp\/v2\/tags?post=98"}],"curies":[{"name":"wp","href":"https:\/\/api.w.org\/{rel}","templated":true}]}}