{"id":8920,"date":"2026-02-25T15:32:27","date_gmt":"2026-02-25T14:32:27","guid":{"rendered":"https:\/\/apalmw.com\/?p=8920"},"modified":"2026-02-27T18:25:19","modified_gmt":"2026-02-27T17:25:19","slug":"ppe-3-la-nouvelle-strategie-energetique-de-la-france","status":"publish","type":"post","link":"https:\/\/apalmw.com\/en\/ppe-3-la-nouvelle-strategie-energetique-de-la-france\/","title":{"rendered":"PPE 3 : planifier la d\u00e9carbonation de la France"},"content":{"rendered":"<div data-elementor-type=\"wp-post\" data-elementor-id=\"8920\" class=\"elementor elementor-8920\" data-elementor-post-type=\"post\">\n\t\t\t\t        <section class=\"elementor-section elementor-top-section elementor-element elementor-element-18a7555 elementor-section-boxed elementor-section-height-default elementor-section-height-default cms-boxed-bg-false\" data-id=\"18a7555\" data-element_type=\"section\" data-e-type=\"section\">\r\n\t\t\r\n\t\t<div class=\"cms-section-boxed-bg\"><\/div>        <div class=\"elementor-container elementor-column-gap-default\" >\r\n\t\t        <div class=\"elementor-column elementor-col-16 elementor-top-column elementor-element elementor-element-688582b\" data-id=\"688582b\" data-element_type=\"column\" data-e-type=\"column\">\r\n            <div class=\"elementor-widget-wrap elementor-element-populated\">\r\n                \t\t<div class=\"elementor-element elementor-element-09bddd6 elementor-widget elementor-widget-image\" data-id=\"09bddd6\" data-element_type=\"widget\" data-e-type=\"widget\" data-widget_type=\"image.default\">\n\t\t\t\t<div class=\"elementor-widget-container\">\n\t\t\t\t\t\t\t\t\t\t\t\t\t\t\t<img fetchpriority=\"high\" decoding=\"async\" width=\"1080\" height=\"1350\" src=\"https:\/\/apalmw.com\/wp-content\/uploads\/2026\/02\/1.avif\" class=\"attachment-full size-full wp-image-8921 not-transparent\" alt=\"\" srcset=\"https:\/\/apalmw.com\/wp-content\/uploads\/2026\/02\/1.avif 1080w, https:\/\/apalmw.com\/wp-content\/uploads\/2026\/02\/1-10x12.avif 10w, https:\/\/apalmw.com\/wp-content\/uploads\/2026\/02\/1-400x500.avif 400w, https:\/\/apalmw.com\/wp-content\/uploads\/2026\/02\/1-600x750.avif 600w\" sizes=\"(max-width: 1080px) 100vw, 1080px\" data-has-transparency=\"false\" data-dominant-color=\"616374\" style=\"--dominant-color: #616374\" \/>\t\t\t\t\t\t\t\t\t\t\t\t\t\t\t<\/div>\n\t\t\t\t<\/div>\n\t\t            <\/div>\r\n        <\/div>\r\n                <div class=\"elementor-column elementor-col-16 elementor-top-column elementor-element elementor-element-39c2dae\" data-id=\"39c2dae\" data-element_type=\"column\" data-e-type=\"column\">\r\n            <div class=\"elementor-widget-wrap elementor-element-populated\">\r\n                \t\t<div class=\"elementor-element elementor-element-7c9a6c0 elementor-widget elementor-widget-image\" data-id=\"7c9a6c0\" data-element_type=\"widget\" data-e-type=\"widget\" data-widget_type=\"image.default\">\n\t\t\t\t<div class=\"elementor-widget-container\">\n\t\t\t\t\t\t\t\t\t\t\t\t\t\t\t<img decoding=\"async\" width=\"1080\" height=\"1350\" src=\"https:\/\/apalmw.com\/wp-content\/uploads\/2026\/02\/2.avif\" class=\"attachment-full size-full wp-image-8927 not-transparent\" alt=\"\" srcset=\"https:\/\/apalmw.com\/wp-content\/uploads\/2026\/02\/2.avif 1080w, https:\/\/apalmw.com\/wp-content\/uploads\/2026\/02\/2-10x12.avif 10w, https:\/\/apalmw.com\/wp-content\/uploads\/2026\/02\/2-400x500.avif 400w, https:\/\/apalmw.com\/wp-content\/uploads\/2026\/02\/2-600x750.avif 600w\" sizes=\"(max-width: 1080px) 100vw, 1080px\" data-has-transparency=\"false\" data-dominant-color=\"456c74\" style=\"--dominant-color: #456c74\" \/>\t\t\t\t\t\t\t\t\t\t\t\t\t\t\t<\/div>\n\t\t\t\t<\/div>\n\t\t            <\/div>\r\n        <\/div>\r\n                <div class=\"elementor-column elementor-col-16 elementor-top-column elementor-element elementor-element-bc2715f\" data-id=\"bc2715f\" data-element_type=\"column\" data-e-type=\"column\">\r\n            <div class=\"elementor-widget-wrap elementor-element-populated\">\r\n                \t\t<div class=\"elementor-element elementor-element-8ae2976 elementor-widget elementor-widget-image\" data-id=\"8ae2976\" data-element_type=\"widget\" data-e-type=\"widget\" data-widget_type=\"image.default\">\n\t\t\t\t<div class=\"elementor-widget-container\">\n\t\t\t\t\t\t\t\t\t\t\t\t\t\t\t<img decoding=\"async\" width=\"1080\" height=\"1350\" src=\"https:\/\/apalmw.com\/wp-content\/uploads\/2026\/02\/3.avif\" class=\"attachment-full size-full wp-image-8926 not-transparent\" alt=\"\" srcset=\"https:\/\/apalmw.com\/wp-content\/uploads\/2026\/02\/3.avif 1080w, https:\/\/apalmw.com\/wp-content\/uploads\/2026\/02\/3-10x12.avif 10w, https:\/\/apalmw.com\/wp-content\/uploads\/2026\/02\/3-400x500.avif 400w, https:\/\/apalmw.com\/wp-content\/uploads\/2026\/02\/3-600x750.avif 600w\" sizes=\"(max-width: 1080px) 100vw, 1080px\" data-has-transparency=\"false\" data-dominant-color=\"5b7176\" style=\"--dominant-color: #5b7176\" \/>\t\t\t\t\t\t\t\t\t\t\t\t\t\t\t<\/div>\n\t\t\t\t<\/div>\n\t\t            <\/div>\r\n        <\/div>\r\n                <div class=\"elementor-column elementor-col-16 elementor-top-column elementor-element elementor-element-fd82f2b\" data-id=\"fd82f2b\" data-element_type=\"column\" data-e-type=\"column\">\r\n            <div class=\"elementor-widget-wrap elementor-element-populated\">\r\n                \t\t<div class=\"elementor-element elementor-element-45f86f1 elementor-widget elementor-widget-image\" data-id=\"45f86f1\" data-element_type=\"widget\" data-e-type=\"widget\" data-widget_type=\"image.default\">\n\t\t\t\t<div class=\"elementor-widget-container\">\n\t\t\t\t\t\t\t\t\t\t\t\t\t\t\t<img loading=\"lazy\" decoding=\"async\" width=\"1080\" height=\"1350\" src=\"https:\/\/apalmw.com\/wp-content\/uploads\/2026\/02\/4.avif\" class=\"attachment-full size-full wp-image-8925 not-transparent\" alt=\"\" srcset=\"https:\/\/apalmw.com\/wp-content\/uploads\/2026\/02\/4.avif 1080w, https:\/\/apalmw.com\/wp-content\/uploads\/2026\/02\/4-10x12.avif 10w, https:\/\/apalmw.com\/wp-content\/uploads\/2026\/02\/4-400x500.avif 400w, https:\/\/apalmw.com\/wp-content\/uploads\/2026\/02\/4-600x750.avif 600w\" sizes=\"(max-width: 1080px) 100vw, 1080px\" data-has-transparency=\"false\" data-dominant-color=\"406d74\" style=\"--dominant-color: #406d74\" \/>\t\t\t\t\t\t\t\t\t\t\t\t\t\t\t<\/div>\n\t\t\t\t<\/div>\n\t\t            <\/div>\r\n        <\/div>\r\n                <div class=\"elementor-column elementor-col-16 elementor-top-column elementor-element elementor-element-9e7ba90\" data-id=\"9e7ba90\" data-element_type=\"column\" data-e-type=\"column\">\r\n            <div class=\"elementor-widget-wrap elementor-element-populated\">\r\n                \t\t<div class=\"elementor-element elementor-element-57c372d elementor-widget elementor-widget-image\" data-id=\"57c372d\" data-element_type=\"widget\" data-e-type=\"widget\" data-widget_type=\"image.default\">\n\t\t\t\t<div class=\"elementor-widget-container\">\n\t\t\t\t\t\t\t\t\t\t\t\t\t\t\t<img loading=\"lazy\" decoding=\"async\" width=\"1080\" height=\"1350\" src=\"https:\/\/apalmw.com\/wp-content\/uploads\/2026\/02\/5.avif\" class=\"attachment-full size-full wp-image-8924 not-transparent\" alt=\"\" srcset=\"https:\/\/apalmw.com\/wp-content\/uploads\/2026\/02\/5.avif 1080w, https:\/\/apalmw.com\/wp-content\/uploads\/2026\/02\/5-10x12.avif 10w, https:\/\/apalmw.com\/wp-content\/uploads\/2026\/02\/5-400x500.avif 400w, https:\/\/apalmw.com\/wp-content\/uploads\/2026\/02\/5-600x750.avif 600w\" sizes=\"(max-width: 1080px) 100vw, 1080px\" data-has-transparency=\"false\" data-dominant-color=\"3f7275\" style=\"--dominant-color: #3f7275\" \/>\t\t\t\t\t\t\t\t\t\t\t\t\t\t\t<\/div>\n\t\t\t\t<\/div>\n\t\t            <\/div>\r\n        <\/div>\r\n                <div class=\"elementor-column elementor-col-16 elementor-top-column elementor-element elementor-element-18cd6e6\" data-id=\"18cd6e6\" data-element_type=\"column\" data-e-type=\"column\">\r\n            <div class=\"elementor-widget-wrap elementor-element-populated\">\r\n                \t\t<div class=\"elementor-element elementor-element-8f8e954 elementor-widget elementor-widget-image\" data-id=\"8f8e954\" data-element_type=\"widget\" data-e-type=\"widget\" data-widget_type=\"image.default\">\n\t\t\t\t<div class=\"elementor-widget-container\">\n\t\t\t\t\t\t\t\t\t\t\t\t\t\t\t<img loading=\"lazy\" decoding=\"async\" width=\"1080\" height=\"1350\" src=\"https:\/\/apalmw.com\/wp-content\/uploads\/2026\/02\/6.avif\" class=\"attachment-full size-full wp-image-8923 not-transparent\" alt=\"\" srcset=\"https:\/\/apalmw.com\/wp-content\/uploads\/2026\/02\/6.avif 1080w, https:\/\/apalmw.com\/wp-content\/uploads\/2026\/02\/6-10x12.avif 10w, https:\/\/apalmw.com\/wp-content\/uploads\/2026\/02\/6-400x500.avif 400w, https:\/\/apalmw.com\/wp-content\/uploads\/2026\/02\/6-600x750.avif 600w\" sizes=\"(max-width: 1080px) 100vw, 1080px\" data-has-transparency=\"false\" data-dominant-color=\"3e6e74\" style=\"--dominant-color: #3e6e74\" \/>\t\t\t\t\t\t\t\t\t\t\t\t\t\t\t<\/div>\n\t\t\t\t<\/div>\n\t\t            <\/div>\r\n        <\/div>\r\n        \t\t\t<\/div>\r\n\t\t<\/section>\r\n\t\t        <section class=\"elementor-section elementor-top-section elementor-element elementor-element-00a8444 elementor-section-boxed elementor-section-height-default elementor-section-height-default cms-boxed-bg-false\" data-id=\"00a8444\" data-element_type=\"section\" data-e-type=\"section\">\r\n\t\t\r\n\t\t<div class=\"cms-section-boxed-bg\"><\/div>        <div class=\"elementor-container elementor-column-gap-default\" >\r\n\t\t        <div class=\"elementor-column elementor-col-100 elementor-top-column elementor-element elementor-element-68667eb\" data-id=\"68667eb\" data-element_type=\"column\" data-e-type=\"column\">\r\n            <div class=\"elementor-widget-wrap elementor-element-populated\">\r\n                \t\t<div class=\"elementor-element elementor-element-a5dfd85 elementor-widget elementor-widget-text-editor\" data-id=\"a5dfd85\" data-element_type=\"widget\" data-e-type=\"widget\" data-widget_type=\"text-editor.default\">\n\t\t\t\t<div class=\"elementor-widget-container\">\n\t\t\t\t\t\t\t\t\t<div id=\"model-response-message-contentr_3a511e106d62861a\" class=\"markdown markdown-main-panel enable-updated-hr-color preserve-whitespaces-in-response\" dir=\"ltr\" aria-live=\"polite\" aria-busy=\"false\"><div class=\"x_x_x_x_elementToProof\">Le 13 f\u00e9vrier 2026, le Gouvernement a publi\u00e9 la nouvelle \u00e9dition de la Programmation pluriannuelle de l\u2019\u00e9nergie (PPE 3) et son annexe la Strat\u00e9gie de d\u00e9veloppement des mobilit\u00e9s propres (SDMP), documents qui pr\u00e9sentent la politique \u00e9nerg\u00e9tique de la France pour r\u00e9pondre aux enjeux de consommation et de production d\u2019\u00e9nergie sur la p\u00e9riode 2026-2035. Chaque Programmation pluriannuelle de l\u2019\u00e9nergie porte sur deux p\u00e9riodes successives de 5 ans.<\/div><div>\u00a0<\/div><div class=\"x_x_x_x_elementToProof\"><strong>La Programmation pluriannuelle de l\u2019\u00e9nergie (PPE 3) fixe plusieurs priorit\u00e9s :<\/strong><\/div><ul><li><span role=\"presentation\">garantir la souverainet\u00e9 de la France<\/span>, en assurant la disponibilit\u00e9 des ressources \u00e9nerg\u00e9tiques n\u00e9cessaires \u00e0 notre \u00e9conomie et nos m\u00e9nages ;<\/li><li><span role=\"presentation\">rendre l\u2019\u00e9nergie accessible<\/span>, pour les Fran\u00e7ais et nos entreprises, \u00e0 des prix ma\u00eetris\u00e9s, comp\u00e9titifs et abordables.<\/li><li><span role=\"presentation\">d\u00e9carboner le mix \u00e9nerg\u00e9tique,<\/span>\u00a0pour lutter contre le changement climatique ;<\/li><li><span role=\"presentation\">permettre l\u2019acc\u00e8s \u00e0 des mobilit\u00e9s bas carbone<\/span>, pour les voyageurs et les marchandises, sur l\u2019ensemble du territoire.<\/li><\/ul><div class=\"x_x_x_x_elementToProof\"><div class=\"x_x_x_x_elementToProof\"><div class=\"x_x_x_x_elementToProof\"><strong>La programmation pluriannuelle de l&#8217;\u00e9nergie (PPE 3) r\u00e9pond \u00e0 ces enjeux au travers de deux axes structurants :\u00a0<\/strong><\/div><ul><li><span role=\"presentation\">r\u00e9duire notre d\u00e9pendance aux \u00e9nergies fossiles,<\/span><\/li><li><span role=\"presentation\">investir pour mieux consommer l\u2019\u00e9nergie.<\/span><\/li><\/ul><p><strong>1.\u00a0\u00a0\u00a0\u00a0Augmenter la production de toutes les \u00e9nergies souveraines et d\u00e9carbon\u00e9es, pour r\u00e9duire la d\u00e9pendance aux \u00e9nergies fossiles<\/strong><\/p><p>Le mod\u00e8le \u00e9nerg\u00e9tique actuel atteint ses limites avec des \u00e9nergies fossiles qui repr\u00e9sentent encore pr\u00e8s de 60 % de notre consommation finale d\u2019\u00e9nergie. Ces importations menacent notre souverainet\u00e9 et contribuent au d\u00e9r\u00e8glement climatique\u00a0avec des cons\u00e9quences irr\u00e9versibles sur l&#8217;environnement et la vie quotidienne des Fran\u00e7ais.\u00a0<\/p><p><strong>Pour r\u00e9duire cette d\u00e9pendance, il nous faut<\/strong> :<\/p><ul><li>accro\u00eetre les capacit\u00e9s de notre parc nucl\u00e9aire,<\/li><li>d\u00e9velopper les \u00e9nergies renouvelables,<\/li><li>r\u00e9duire notre consommation des \u00e9nergies fossiles import\u00e9es.\u00a0<\/li><\/ul><p><strong>Fili\u00e8res \u00e9lectriques<\/strong><\/p><div class=\"x_x_x_x_elementToProof\"><strong>Nucl\u00e9aire<\/strong><\/div><div class=\"x_x_x_x_elementToProof\">Lancement d&#8217;un programme de construction de nouveaux r\u00e9acteurs (EPR2) et redressement de la disponibilit\u00e9 du parc existant pour atteindre un niveau de production de 380 TWh\/an.<\/div><\/div><\/div><\/div><div>\u00a0<\/div><div><div class=\"x_x_x_x_elementToProof\"><strong>Eolien en mer<\/strong><\/div><div class=\"x_x_x_x_elementToProof\">Atteindre 15 GW de puissance mise en service en 2035.<\/div><\/div><div>\u00a0<\/div><div><div class=\"x_x_x_x_elementToProof\"><strong>Eolien terrestre<\/strong><\/div><div class=\"x_x_x_x_elementToProof\">Maintien du rythme actuel de d\u00e9veloppement de +1,3 GW\/an. Les rythmes de d\u00e9ploiement pourront \u00eatre ajust\u00e9s en tenant compte des pr\u00e9visions d&#8217;\u00e9volution de la consommation d&#8217;\u00e9lectricit\u00e9.<\/div><\/div><div>\u00a0<\/div><div><div class=\"x_x_x_x_elementToProof\"><strong>Photovolta\u00efque<\/strong><\/div><div class=\"x_x_x_x_elementToProof\">Multiplier par 3 la puissance install\u00e9e \u00e0 l&#8217;horizon 2035. Jusqu&#8217;\u00e0 2028 : maintien du rythme maximal de soutien public pr\u00e9vu par la PPE 2. Les rythmes de d\u00e9ploiement pourront \u00eatre ajust\u00e9s en tenant compte des pr\u00e9visions d&#8217;\u00e9volution de la consommation d&#8217;\u00e9lectricit\u00e9.<\/div><\/div><div>\u00a0<\/div><div><div class=\"x_x_x_x_elementToProof\"><strong>Hydro\u00e9lectricit\u00e9<\/strong><\/div><div class=\"x_x_x_x_elementToProof\">Hausse de notre capacit\u00e9 de +2,8 GW en incluant notamment des stations de transfert d&#8217;\u00e9nergie par pompage (STEP).<\/div><\/div><div>\u00a0<\/div><div><strong>Chiffres cl\u00e9s :<\/strong><\/div><div><div class=\"x_x_x_elementToProof\">\ud83c\udf43 <strong>\u00c9nergie \u00e9olienne terrestre\u00a0<\/strong><\/div><div class=\"x_x_x_elementToProof\">Objectifs : 31 GW en 2030, 35 \u00e0 40 GW en 2035 (pour environ 24 GW install\u00e9s d&#8217;ici fin 2025).<\/div><div class=\"x_x_x_elementToProof\">Taux de d\u00e9ploiement vis\u00e9 : environ +1,5 GW\/an.<\/div><div class=\"x_x_x_elementToProof\">Le PPE pr\u00e9voit deux appels d&#8217;offres de 800 MW chacun par an (hors repowering), dont le premier est pr\u00e9vu au premier semestre 2026.<\/div><div class=\"x_x_x_elementToProof\">\u00a0<\/div><div class=\"x_x_x_elementToProof\">\u00a0<\/div><div class=\"x_x_x_elementToProof\">\u2600\ufe0f <strong>Solaire<\/strong><\/div><div class=\"x_x_x_elementToProof\">Objectifs : 48 GW en 2030, 55 \u00e0 80 GW en 2035 (pour environ 30 GW install\u00e9s d&#8217;ici fin 2025).<\/div><div class=\"x_x_x_elementToProof\">Taux de d\u00e9ploiement vis\u00e9 : +3,5 GW\/an (dont un maximum de 2,9 GW\/an via AO et OA &#8211; Obligation d&#8217;Achat) jusqu&#8217;en 2028, puis environ +5 GW\/an (volumes ajust\u00e9s en fonction de l&#8217;\u00e9volution de la consommation).<\/div><div class=\"x_x_x_elementToProof\">Roland Lescure a \u00e9galement annonc\u00e9 vendredi le lancement d&#8217;une AO de 300 MW pour les b\u00e2timents \u00ab d\u00e8s la semaine prochaine \u00bb, suivie de plusieurs AO \u00ab simplifi\u00e9es \u00bb en 2026, pour une capacit\u00e9 cumul\u00e9e de 2,9 GW.<\/div><div class=\"x_x_x_elementToProof\">\u00a0<\/div><div class=\"x_x_x_elementToProof\">\ud83d\udcc8 Afin de garantir notre s\u00e9curit\u00e9 d&#8217;approvisionnement et de promouvoir l&#8217;\u00e9lectrification des usages et des industries, le PPE 3 pr\u00e9voit que la production \u00e9olienne et photovolta\u00efque atteigne 140 TWh\/an en 2030, soit pr\u00e8s du double de la production actuelle. D&#8217;ici 2035, les \u00e9oliennes et les panneaux solaires fourniront entre 200 et 250 TWh par an, soit environ un tiers de l&#8217;\u00e9lectricit\u00e9 sans carbone qui sera alors produite en France. C&#8217;est seulement ainsi que la France pourra r\u00e9duire de moiti\u00e9 la part des \u00e9nergies fossiles import\u00e9es dans son mix \u00e9nerg\u00e9tique d&#8217;ici 2035.<\/div><\/div><p data-path-to-node=\"18\">\u00a0<\/p>\t\t\t\t\t\t\t\t<\/div>\n\t\t\t\t<\/div>\n\t\t            <\/div>\r\n        <\/div>\r\n        \t\t\t<\/div>\r\n\t\t<\/section>\r\n\t\t\t\t<\/div>","protected":false},"excerpt":{"rendered":"<p>Le 13 f\u00e9vrier 2026, le Gouvernement a publi\u00e9 la nouvelle \u00e9dition de la Programmation pluriannuelle de l\u2019\u00e9nergie (PPE 3) et son annexe la Strat\u00e9gie de d\u00e9veloppement des mobilit\u00e9s propres (SDMP), documents qui pr\u00e9sentent la politique \u00e9nerg\u00e9tique de la France pour r\u00e9pondre aux enjeux de consommation et de production d\u2019\u00e9nergie sur la p\u00e9riode 2026-2035. Chaque Programmation [&hellip;]<\/p>\n","protected":false},"author":1,"featured_media":8921,"comment_status":"open","ping_status":"open","sticky":false,"template":"","format":"standard","meta":{"_coblocks_attr":"","_coblocks_dimensions":"","_coblocks_responsive_height":"","_coblocks_accordion_ie_support":"","footnotes":""},"categories":[55,53,1,2,3,64,5],"tags":[],"class_list":["post-8920","post","type-post","status-publish","format-standard","has-post-thumbnail","hentry","category-agri","category-apal-mw","category-battery","category-energie","category-eolien","category-evenement","category-solaire","cms-has-post-thumbnail"],"yoast_head":"<!-- This site is optimized with the Yoast SEO plugin v27.5 - https:\/\/yoast.com\/product\/yoast-seo-wordpress\/ -->\n<title>PPE 3 : planifier la d\u00e9carbonation de la France - Ensemble vers l&#039;\u00e9nergie de demain<\/title>\n<meta name=\"description\" content=\"D\u00e9couvrez la PPE 3, la nouvelle feuille de route du Gouvernement pour la souverainet\u00e9 \u00e9nerg\u00e9tique de la France : relance du nucl\u00e9aire et mix renouvelable.\" \/>\n<meta name=\"robots\" content=\"index, follow, max-snippet:-1, max-image-preview:large, max-video-preview:-1\" \/>\n<link rel=\"canonical\" href=\"https:\/\/apalmw.com\/en\/ppe-3-la-nouvelle-strategie-energetique-de-la-france\/\" \/>\n<meta property=\"og:locale\" content=\"en_US\" \/>\n<meta property=\"og:type\" content=\"article\" \/>\n<meta property=\"og:title\" content=\"PPE 3 : planifier la d\u00e9carbonation de la France - Ensemble vers l&#039;\u00e9nergie de demain\" \/>\n<meta property=\"og:description\" content=\"D\u00e9couvrez la PPE 3, la nouvelle feuille de route du Gouvernement pour la souverainet\u00e9 \u00e9nerg\u00e9tique de la France : relance du nucl\u00e9aire et mix renouvelable.\" \/>\n<meta property=\"og:url\" content=\"https:\/\/apalmw.com\/en\/ppe-3-la-nouvelle-strategie-energetique-de-la-france\/\" \/>\n<meta property=\"og:site_name\" content=\"APAL MW\" \/>\n<meta property=\"article:author\" content=\"https:\/\/www.facebook.com\/profile.php?id=61583036103410\" \/>\n<meta property=\"article:published_time\" content=\"2026-02-25T14:32:27+00:00\" \/>\n<meta property=\"article:modified_time\" content=\"2026-02-27T17:25:19+00:00\" \/>\n<meta property=\"og:image\" content=\"https:\/\/apalmw.com\/wp-content\/uploads\/2026\/02\/1.avif\" \/>\n\t<meta property=\"og:image:width\" content=\"1080\" \/>\n\t<meta property=\"og:image:height\" content=\"1350\" \/>\n\t<meta property=\"og:image:type\" content=\"image\/jpeg\" \/>\n<meta name=\"author\" content=\"apal_mw\" \/>\n<meta name=\"twitter:card\" content=\"summary_large_image\" \/>\n<meta name=\"twitter:label1\" content=\"Written by\" \/>\n\t<meta name=\"twitter:data1\" content=\"apal_mw\" \/>\n\t<meta name=\"twitter:label2\" content=\"Est. reading time\" \/>\n\t<meta name=\"twitter:data2\" content=\"5 minutes\" \/>\n<script type=\"application\/ld+json\" class=\"yoast-schema-graph\">{\"@context\":\"https:\\\/\\\/schema.org\",\"@graph\":[{\"@type\":\"Article\",\"@id\":\"https:\\\/\\\/apalmw.com\\\/ppe-3-la-nouvelle-strategie-energetique-de-la-france\\\/#article\",\"isPartOf\":{\"@id\":\"https:\\\/\\\/apalmw.com\\\/ppe-3-la-nouvelle-strategie-energetique-de-la-france\\\/\"},\"author\":{\"name\":\"apal_mw\",\"@id\":\"https:\\\/\\\/apalmw.com\\\/#\\\/schema\\\/person\\\/c8ad8831c9e665b93c2d396cb7deaba3\"},\"headline\":\"PPE 3 : planifier la d\u00e9carbonation de la France\",\"datePublished\":\"2026-02-25T14:32:27+00:00\",\"dateModified\":\"2026-02-27T17:25:19+00:00\",\"mainEntityOfPage\":{\"@id\":\"https:\\\/\\\/apalmw.com\\\/ppe-3-la-nouvelle-strategie-energetique-de-la-france\\\/\"},\"wordCount\":680,\"commentCount\":0,\"publisher\":{\"@id\":\"https:\\\/\\\/apalmw.com\\\/#organization\"},\"image\":{\"@id\":\"https:\\\/\\\/apalmw.com\\\/ppe-3-la-nouvelle-strategie-energetique-de-la-france\\\/#primaryimage\"},\"thumbnailUrl\":\"https:\\\/\\\/apalmw.com\\\/wp-content\\\/uploads\\\/2026\\\/02\\\/1.avif\",\"articleSection\":[\"Agrivolta\u00efsme\",\"APAL MW\",\"Battery\",\"\u00c9nergie\",\"\u00c9olien\",\"Ev\u00e8nement\",\"Solaire\"],\"inLanguage\":\"en-US\",\"potentialAction\":[{\"@type\":\"CommentAction\",\"name\":\"Comment\",\"target\":[\"https:\\\/\\\/apalmw.com\\\/ppe-3-la-nouvelle-strategie-energetique-de-la-france\\\/#respond\"]}]},{\"@type\":\"WebPage\",\"@id\":\"https:\\\/\\\/apalmw.com\\\/ppe-3-la-nouvelle-strategie-energetique-de-la-france\\\/\",\"url\":\"https:\\\/\\\/apalmw.com\\\/ppe-3-la-nouvelle-strategie-energetique-de-la-france\\\/\",\"name\":\"PPE 3 : planifier la d\u00e9carbonation de la France - Ensemble vers l&#039;\u00e9nergie de demain\",\"isPartOf\":{\"@id\":\"https:\\\/\\\/apalmw.com\\\/#website\"},\"primaryImageOfPage\":{\"@id\":\"https:\\\/\\\/apalmw.com\\\/ppe-3-la-nouvelle-strategie-energetique-de-la-france\\\/#primaryimage\"},\"image\":{\"@id\":\"https:\\\/\\\/apalmw.com\\\/ppe-3-la-nouvelle-strategie-energetique-de-la-france\\\/#primaryimage\"},\"thumbnailUrl\":\"https:\\\/\\\/apalmw.com\\\/wp-content\\\/uploads\\\/2026\\\/02\\\/1.avif\",\"datePublished\":\"2026-02-25T14:32:27+00:00\",\"dateModified\":\"2026-02-27T17:25:19+00:00\",\"description\":\"D\u00e9couvrez la PPE 3, la nouvelle feuille de route du Gouvernement pour la souverainet\u00e9 \u00e9nerg\u00e9tique de la France : relance du nucl\u00e9aire et mix renouvelable.\",\"breadcrumb\":{\"@id\":\"https:\\\/\\\/apalmw.com\\\/ppe-3-la-nouvelle-strategie-energetique-de-la-france\\\/#breadcrumb\"},\"inLanguage\":\"en-US\",\"potentialAction\":[{\"@type\":\"ReadAction\",\"target\":[\"https:\\\/\\\/apalmw.com\\\/ppe-3-la-nouvelle-strategie-energetique-de-la-france\\\/\"]}]},{\"@type\":\"ImageObject\",\"inLanguage\":\"en-US\",\"@id\":\"https:\\\/\\\/apalmw.com\\\/ppe-3-la-nouvelle-strategie-energetique-de-la-france\\\/#primaryimage\",\"url\":\"https:\\\/\\\/apalmw.com\\\/wp-content\\\/uploads\\\/2026\\\/02\\\/1.avif\",\"contentUrl\":\"https:\\\/\\\/apalmw.com\\\/wp-content\\\/uploads\\\/2026\\\/02\\\/1.avif\",\"width\":1080,\"height\":1350},{\"@type\":\"BreadcrumbList\",\"@id\":\"https:\\\/\\\/apalmw.com\\\/ppe-3-la-nouvelle-strategie-energetique-de-la-france\\\/#breadcrumb\",\"itemListElement\":[{\"@type\":\"ListItem\",\"position\":1,\"name\":\"Accueil\",\"item\":\"https:\\\/\\\/apalmw.com\\\/\"},{\"@type\":\"ListItem\",\"position\":2,\"name\":\"PPE 3 : planifier la d\u00e9carbonation de la France\"}]},{\"@type\":\"WebSite\",\"@id\":\"https:\\\/\\\/apalmw.com\\\/#website\",\"url\":\"https:\\\/\\\/apalmw.com\\\/\",\"name\":\"APAL MW\",\"description\":\"Ensemble vers l&#039;\u00e9nergie de demain\",\"publisher\":{\"@id\":\"https:\\\/\\\/apalmw.com\\\/#organization\"},\"alternateName\":\"APAL\",\"potentialAction\":[{\"@type\":\"SearchAction\",\"target\":{\"@type\":\"EntryPoint\",\"urlTemplate\":\"https:\\\/\\\/apalmw.com\\\/?s={search_term_string}\"},\"query-input\":{\"@type\":\"PropertyValueSpecification\",\"valueRequired\":true,\"valueName\":\"search_term_string\"}}],\"inLanguage\":\"en-US\"},{\"@type\":\"Organization\",\"@id\":\"https:\\\/\\\/apalmw.com\\\/#organization\",\"name\":\"APAL MW\",\"alternateName\":\"APALMW\",\"url\":\"https:\\\/\\\/apalmw.com\\\/\",\"logo\":{\"@type\":\"ImageObject\",\"inLanguage\":\"en-US\",\"@id\":\"https:\\\/\\\/apalmw.com\\\/#\\\/schema\\\/logo\\\/image\\\/\",\"url\":\"\",\"contentUrl\":\"\",\"caption\":\"APAL MW\"},\"image\":{\"@id\":\"https:\\\/\\\/apalmw.com\\\/#\\\/schema\\\/logo\\\/image\\\/\"},\"sameAs\":[\"https:\\\/\\\/fr.linkedin.com\\\/company\\\/apal-mw\",\"https:\\\/\\\/www.youtube.com\\\/@APALMW\"]},{\"@type\":\"Person\",\"@id\":\"https:\\\/\\\/apalmw.com\\\/#\\\/schema\\\/person\\\/c8ad8831c9e665b93c2d396cb7deaba3\",\"name\":\"apal_mw\",\"image\":{\"@type\":\"ImageObject\",\"inLanguage\":\"en-US\",\"@id\":\"https:\\\/\\\/secure.gravatar.com\\\/avatar\\\/e72f9485464a294f5b3a53988918fd0d57f2abce487c0e34b1b9192e01388adb?s=96&d=mm&r=g\",\"url\":\"https:\\\/\\\/secure.gravatar.com\\\/avatar\\\/e72f9485464a294f5b3a53988918fd0d57f2abce487c0e34b1b9192e01388adb?s=96&d=mm&r=g\",\"contentUrl\":\"https:\\\/\\\/secure.gravatar.com\\\/avatar\\\/e72f9485464a294f5b3a53988918fd0d57f2abce487c0e34b1b9192e01388adb?s=96&d=mm&r=g\",\"caption\":\"apal_mw\"},\"sameAs\":[\"https:\\\/\\\/apalmw.com\",\"https:\\\/\\\/www.facebook.com\\\/profile.php?id=61583036103410\",\"https:\\\/\\\/www.instagram.com\\\/apal_mw\",\"https:\\\/\\\/www.linkedin.com\\\/company\\\/apal-mw\",\"https:\\\/\\\/www.youtube.com\\\/@APALMW\"],\"url\":\"https:\\\/\\\/apalmw.com\\\/en\\\/author\\\/apalmwnicolas\\\/\"}]}<\/script>\n<!-- \/ Yoast SEO plugin. -->","yoast_head_json":{"title":"PPE 3 : planifier la d\u00e9carbonation de la France - Ensemble vers l&#039;\u00e9nergie de demain","description":"D\u00e9couvrez la PPE 3, la nouvelle feuille de route du Gouvernement pour la souverainet\u00e9 \u00e9nerg\u00e9tique de la France : relance du nucl\u00e9aire et mix renouvelable.","robots":{"index":"index","follow":"follow","max-snippet":"max-snippet:-1","max-image-preview":"max-image-preview:large","max-video-preview":"max-video-preview:-1"},"canonical":"https:\/\/apalmw.com\/en\/ppe-3-la-nouvelle-strategie-energetique-de-la-france\/","og_locale":"en_US","og_type":"article","og_title":"PPE 3 : planifier la d\u00e9carbonation de la France - Ensemble vers l&#039;\u00e9nergie de demain","og_description":"D\u00e9couvrez la PPE 3, la nouvelle feuille de route du Gouvernement pour la souverainet\u00e9 \u00e9nerg\u00e9tique de la France : relance du nucl\u00e9aire et mix renouvelable.","og_url":"https:\/\/apalmw.com\/en\/ppe-3-la-nouvelle-strategie-energetique-de-la-france\/","og_site_name":"APAL MW","article_author":"https:\/\/www.facebook.com\/profile.php?id=61583036103410","article_published_time":"2026-02-25T14:32:27+00:00","article_modified_time":"2026-02-27T17:25:19+00:00","og_image":[{"width":1080,"height":1350,"url":"https:\/\/apalmw.com\/wp-content\/uploads\/2026\/02\/1.avif","type":"image\/jpeg"}],"author":"apal_mw","twitter_card":"summary_large_image","twitter_misc":{"Written by":"apal_mw","Est. reading time":"5 minutes"},"schema":{"@context":"https:\/\/schema.org","@graph":[{"@type":"Article","@id":"https:\/\/apalmw.com\/ppe-3-la-nouvelle-strategie-energetique-de-la-france\/#article","isPartOf":{"@id":"https:\/\/apalmw.com\/ppe-3-la-nouvelle-strategie-energetique-de-la-france\/"},"author":{"name":"apal_mw","@id":"https:\/\/apalmw.com\/#\/schema\/person\/c8ad8831c9e665b93c2d396cb7deaba3"},"headline":"PPE 3 : planifier la d\u00e9carbonation de la France","datePublished":"2026-02-25T14:32:27+00:00","dateModified":"2026-02-27T17:25:19+00:00","mainEntityOfPage":{"@id":"https:\/\/apalmw.com\/ppe-3-la-nouvelle-strategie-energetique-de-la-france\/"},"wordCount":680,"commentCount":0,"publisher":{"@id":"https:\/\/apalmw.com\/#organization"},"image":{"@id":"https:\/\/apalmw.com\/ppe-3-la-nouvelle-strategie-energetique-de-la-france\/#primaryimage"},"thumbnailUrl":"https:\/\/apalmw.com\/wp-content\/uploads\/2026\/02\/1.avif","articleSection":["Agrivolta\u00efsme","APAL MW","Battery","\u00c9nergie","\u00c9olien","Ev\u00e8nement","Solaire"],"inLanguage":"en-US","potentialAction":[{"@type":"CommentAction","name":"Comment","target":["https:\/\/apalmw.com\/ppe-3-la-nouvelle-strategie-energetique-de-la-france\/#respond"]}]},{"@type":"WebPage","@id":"https:\/\/apalmw.com\/ppe-3-la-nouvelle-strategie-energetique-de-la-france\/","url":"https:\/\/apalmw.com\/ppe-3-la-nouvelle-strategie-energetique-de-la-france\/","name":"PPE 3 : planifier la d\u00e9carbonation de la France - Ensemble vers l&#039;\u00e9nergie de demain","isPartOf":{"@id":"https:\/\/apalmw.com\/#website"},"primaryImageOfPage":{"@id":"https:\/\/apalmw.com\/ppe-3-la-nouvelle-strategie-energetique-de-la-france\/#primaryimage"},"image":{"@id":"https:\/\/apalmw.com\/ppe-3-la-nouvelle-strategie-energetique-de-la-france\/#primaryimage"},"thumbnailUrl":"https:\/\/apalmw.com\/wp-content\/uploads\/2026\/02\/1.avif","datePublished":"2026-02-25T14:32:27+00:00","dateModified":"2026-02-27T17:25:19+00:00","description":"D\u00e9couvrez la PPE 3, la nouvelle feuille de route du Gouvernement pour la souverainet\u00e9 \u00e9nerg\u00e9tique de la France : relance du nucl\u00e9aire et mix renouvelable.","breadcrumb":{"@id":"https:\/\/apalmw.com\/ppe-3-la-nouvelle-strategie-energetique-de-la-france\/#breadcrumb"},"inLanguage":"en-US","potentialAction":[{"@type":"ReadAction","target":["https:\/\/apalmw.com\/ppe-3-la-nouvelle-strategie-energetique-de-la-france\/"]}]},{"@type":"ImageObject","inLanguage":"en-US","@id":"https:\/\/apalmw.com\/ppe-3-la-nouvelle-strategie-energetique-de-la-france\/#primaryimage","url":"https:\/\/apalmw.com\/wp-content\/uploads\/2026\/02\/1.avif","contentUrl":"https:\/\/apalmw.com\/wp-content\/uploads\/2026\/02\/1.avif","width":1080,"height":1350},{"@type":"BreadcrumbList","@id":"https:\/\/apalmw.com\/ppe-3-la-nouvelle-strategie-energetique-de-la-france\/#breadcrumb","itemListElement":[{"@type":"ListItem","position":1,"name":"Accueil","item":"https:\/\/apalmw.com\/"},{"@type":"ListItem","position":2,"name":"PPE 3 : planifier la d\u00e9carbonation de la France"}]},{"@type":"WebSite","@id":"https:\/\/apalmw.com\/#website","url":"https:\/\/apalmw.com\/","name":"APAL MW","description":"Ensemble vers l&#039;\u00e9nergie de demain","publisher":{"@id":"https:\/\/apalmw.com\/#organization"},"alternateName":"APAL","potentialAction":[{"@type":"SearchAction","target":{"@type":"EntryPoint","urlTemplate":"https:\/\/apalmw.com\/?s={search_term_string}"},"query-input":{"@type":"PropertyValueSpecification","valueRequired":true,"valueName":"search_term_string"}}],"inLanguage":"en-US"},{"@type":"Organization","@id":"https:\/\/apalmw.com\/#organization","name":"APAL MW","alternateName":"APALMW","url":"https:\/\/apalmw.com\/","logo":{"@type":"ImageObject","inLanguage":"en-US","@id":"https:\/\/apalmw.com\/#\/schema\/logo\/image\/","url":"","contentUrl":"","caption":"APAL MW"},"image":{"@id":"https:\/\/apalmw.com\/#\/schema\/logo\/image\/"},"sameAs":["https:\/\/fr.linkedin.com\/company\/apal-mw","https:\/\/www.youtube.com\/@APALMW"]},{"@type":"Person","@id":"https:\/\/apalmw.com\/#\/schema\/person\/c8ad8831c9e665b93c2d396cb7deaba3","name":"apal_mw","image":{"@type":"ImageObject","inLanguage":"en-US","@id":"https:\/\/secure.gravatar.com\/avatar\/e72f9485464a294f5b3a53988918fd0d57f2abce487c0e34b1b9192e01388adb?s=96&d=mm&r=g","url":"https:\/\/secure.gravatar.com\/avatar\/e72f9485464a294f5b3a53988918fd0d57f2abce487c0e34b1b9192e01388adb?s=96&d=mm&r=g","contentUrl":"https:\/\/secure.gravatar.com\/avatar\/e72f9485464a294f5b3a53988918fd0d57f2abce487c0e34b1b9192e01388adb?s=96&d=mm&r=g","caption":"apal_mw"},"sameAs":["https:\/\/apalmw.com","https:\/\/www.facebook.com\/profile.php?id=61583036103410","https:\/\/www.instagram.com\/apal_mw","https:\/\/www.linkedin.com\/company\/apal-mw","https:\/\/www.youtube.com\/@APALMW"],"url":"https:\/\/apalmw.com\/en\/author\/apalmwnicolas\/"}]}},"_links":{"self":[{"href":"https:\/\/apalmw.com\/en\/wp-json\/wp\/v2\/posts\/8920","targetHints":{"allow":["GET"]}}],"collection":[{"href":"https:\/\/apalmw.com\/en\/wp-json\/wp\/v2\/posts"}],"about":[{"href":"https:\/\/apalmw.com\/en\/wp-json\/wp\/v2\/types\/post"}],"author":[{"embeddable":true,"href":"https:\/\/apalmw.com\/en\/wp-json\/wp\/v2\/users\/1"}],"replies":[{"embeddable":true,"href":"https:\/\/apalmw.com\/en\/wp-json\/wp\/v2\/comments?post=8920"}],"version-history":[{"count":5,"href":"https:\/\/apalmw.com\/en\/wp-json\/wp\/v2\/posts\/8920\/revisions"}],"predecessor-version":[{"id":8952,"href":"https:\/\/apalmw.com\/en\/wp-json\/wp\/v2\/posts\/8920\/revisions\/8952"}],"wp:featuredmedia":[{"embeddable":true,"href":"https:\/\/apalmw.com\/en\/wp-json\/wp\/v2\/media\/8921"}],"wp:attachment":[{"href":"https:\/\/apalmw.com\/en\/wp-json\/wp\/v2\/media?parent=8920"}],"wp:term":[{"taxonomy":"category","embeddable":true,"href":"https:\/\/apalmw.com\/en\/wp-json\/wp\/v2\/categories?post=8920"},{"taxonomy":"post_tag","embeddable":true,"href":"https:\/\/apalmw.com\/en\/wp-json\/wp\/v2\/tags?post=8920"}],"curies":[{"name":"wp","href":"https:\/\/api.w.org\/{rel}","templated":true}]}}