{"id":8762,"date":"2025-07-18T13:26:56","date_gmt":"2025-07-18T12:26:56","guid":{"rendered":"https:\/\/apalmw.com\/?p=8762"},"modified":"2025-07-18T16:01:50","modified_gmt":"2025-07-18T15:01:50","slug":"colloque-annuel-france-renouvelable","status":"publish","type":"post","link":"https:\/\/apalmw.com\/en\/colloque-annuel-france-renouvelable\/","title":{"rendered":"Colloque annuel France Renouvelable"},"content":{"rendered":"<div data-elementor-type=\"wp-post\" data-elementor-id=\"8762\" class=\"elementor elementor-8762\" data-elementor-post-type=\"post\">\n\t\t\t\t        <section class=\"elementor-section elementor-top-section elementor-element elementor-element-0d1e504 elementor-section-boxed elementor-section-height-default elementor-section-height-default cms-boxed-bg-false\" data-id=\"0d1e504\" data-element_type=\"section\" data-e-type=\"section\">\r\n\t\t\r\n\t\t<div class=\"cms-section-boxed-bg\"><\/div>        <div class=\"elementor-container elementor-column-gap-default\" >\r\n\t\t        <div class=\"elementor-column elementor-col-100 elementor-top-column elementor-element elementor-element-c05d43c\" data-id=\"c05d43c\" data-element_type=\"column\" data-e-type=\"column\">\r\n            <div class=\"elementor-widget-wrap elementor-element-populated\">\r\n                \t\t<div class=\"elementor-element elementor-element-eb73fbd elementor-widget elementor-widget-image\" data-id=\"eb73fbd\" data-element_type=\"widget\" data-e-type=\"widget\" data-widget_type=\"image.default\">\n\t\t\t\t<div class=\"elementor-widget-container\">\n\t\t\t\t\t\t\t\t\t\t\t\t\t\t\t<img fetchpriority=\"high\" decoding=\"async\" width=\"770\" height=\"527\" src=\"https:\/\/apalmw.com\/wp-content\/uploads\/2025\/07\/banniere25_1500x500_V3-scaled-1-770x527.avif\" class=\"attachment-large size-large wp-image-8765 not-transparent\" alt=\"Banni\u00e8re colloque national de France renouvelable 2025\" data-has-transparency=\"false\" data-dominant-color=\"bc7b7a\" style=\"--dominant-color: #bc7b7a\" \/>\t\t\t\t\t\t\t\t\t\t\t\t\t\t\t<\/div>\n\t\t\t\t<\/div>\n\t\t\t\t<div class=\"elementor-element elementor-element-09ea9b8 elementor-widget elementor-widget-heading\" data-id=\"09ea9b8\" data-element_type=\"widget\" data-e-type=\"widget\" data-widget_type=\"heading.default\">\n\t\t\t\t<div class=\"elementor-widget-container\">\n\t\t\t\t\t<h2 class=\"elementor-heading-title elementor-size-default\">15\u00e8me Colloque National de France Renouvelables<\/h2>\t\t\t\t<\/div>\n\t\t\t\t<\/div>\n\t\t\t\t<div class=\"elementor-element elementor-element-a5ca02d elementor-widget elementor-widget-text-editor\" data-id=\"a5ca02d\" data-element_type=\"widget\" data-e-type=\"widget\" data-widget_type=\"text-editor.default\">\n\t\t\t\t<div class=\"elementor-widget-container\">\n\t\t\t\t\t\t\t\t\t<p><strong>\ud83c\udf3f Colloque National de France Renouvelables 2025 : l\u2019\u00e9v\u00e9nement incontournable de la transition \u00e9nerg\u00e9tique<\/strong><\/p><p>\ud83d\udcc5\u00a0<strong>Dates<\/strong>\u00a0: 15 et 16 octobre 2025<br \/>\ud83d\udccd\u00a0<strong>Lieu<\/strong>\u00a0: Parc Floral de Paris, Route de la Pyramide, 75012 Paris<br \/>\ud83d\udd17\u00a0<a href=\"https:\/\/www.france-renouvelables.fr\/agenda\/colloque-national-de-france-renouvelables\/\">Site officiel de l\u2019\u00e9v\u00e9nement<\/a><\/p><p><strong>\ud83d\udd04 Une nouvelle \u00e8re pour le Colloque National<\/strong><\/p><p>Le\u00a0<strong>Colloque National \u00c9olien<\/strong>\u00a0devient le\u00a0<strong>Colloque National de France Renouvelables<\/strong>\u00a0! Ce changement de nom refl\u00e8te l\u2019\u00e9volution de la fili\u00e8re et l\u2019\u00e9largissement des th\u00e9matiques abord\u00e9es. Depuis 29 ans, cet \u00e9v\u00e9nement r\u00e9unit les acteurs majeurs des \u00e9nergies renouvelables pour \u00e9changer, innover et construire ensemble l\u2019avenir \u00e9nerg\u00e9tique de la France.<\/p><p><strong>\ud83c\udfaf Au programme cette ann\u00e9e<\/strong><\/p><ul><li><strong>After CNFR<\/strong>\u00a0: un moment convivial pour \u00e9largir les r\u00e9seaux et renforcer les collaborations.<\/li><li><strong>Conf\u00e9rences et ateliers enrichis<\/strong>\u00a0: des contenus toujours plus pertinents pour accompagner la transformation du secteur.<\/li><li><strong>Networking augment\u00e9<\/strong>\u00a0: gr\u00e2ce \u00e0 une plateforme virtuelle d\u00e9di\u00e9e.<\/li><li><strong>Forum RH &amp; parcours formation<\/strong>\u00a0: pour soutenir le d\u00e9veloppement des comp\u00e9tences dans la fili\u00e8re.<\/li><\/ul><p><strong>\ud83d\udcca Quelques chiffres cl\u00e9s de l\u2019\u00e9dition pr\u00e9c\u00e9dente<\/strong><\/p><ul><li style=\"list-style-type: none;\"><ul><li>de\u00a0<strong>2 800 participants<\/strong><\/li><\/ul><ul><li>de\u00a0<strong>136 exposants &amp; sponsors<\/strong><\/li><\/ul><ul><li>de\u00a0<strong>75 intervenants<\/strong><\/li><\/ul><ul><li>de\u00a0<strong>80 \u00e9lus et repr\u00e9sentants de l\u2019\u00c9tat<\/strong><\/li><\/ul><ul><li>de\u00a0<strong>1 500 participants en ligne<\/strong><\/li><\/ul><ul><li>de\u00a0<strong>10 invit\u00e9s de marque<\/strong>\u00a0(ministres, pr\u00e9sidents d\u2019organismes, etc.)<\/li><\/ul><\/li><\/ul><p><strong>\ud83e\udd1d Pourquoi participer ?<\/strong><\/p><p>Que vous soyez professionnel, institutionnel, chercheur ou porteur de projet, ce colloque est\u00a0<strong>l\u2019occasion id\u00e9ale pour s\u2019informer, r\u00e9seauter et s\u2019engager activement dans la transition \u00e9nerg\u00e9tique<\/strong>. Vous pouvez d\u00e8s maintenant\u00a0<strong>r\u00e9server votre stand<\/strong>\u00a0ou\u00a0<strong>devenir sponsor<\/strong>\u00a0pour maximiser votre visibilit\u00e9.<\/p><p>\ud83d\udce9 Contact : Camille Baruch \u2013\u00a0<a href=\"mailto:camille.baruch@france-renouvelables.fr\">camille.baruch@france-renouvelables.fr<\/a><\/p><p><strong>\ud83d\udccc Ajoutez l\u2019\u00e9v\u00e9nement \u00e0 votre agenda !<\/strong><\/p>\t\t\t\t\t\t\t\t<\/div>\n\t\t\t\t<\/div>\n\t\t\t\t<div class=\"elementor-element elementor-element-498b85c elementor-button-info elementor-align-right elementor-widget elementor-widget-button\" data-id=\"498b85c\" data-element_type=\"widget\" data-e-type=\"widget\" data-widget_type=\"button.default\">\n\t\t\t\t<div class=\"elementor-widget-container\">\n\t\t\t\t\t\t\t\t\t<div class=\"elementor-button-wrapper\">\n\t\t\t\t\t<a class=\"elementor-button elementor-button-link elementor-size-sm\" href=\"https:\/\/www.france-renouvelables.fr\/agenda\/colloque-national-de-france-renouvelables\/\">\n\t\t\t\t\t\t<span class=\"elementor-button-content-wrapper\">\n\t\t\t\t\t\t<span class=\"elementor-button-icon\">\n\t\t\t\t<i aria-hidden=\"true\" class=\"far fa-dot-circle\"><\/i>\t\t\t<\/span>\n\t\t\t\t\t\t\t\t\t<span class=\"elementor-button-text\">Plus d'informations<\/span>\n\t\t\t\t\t<\/span>\n\t\t\t\t\t<\/a>\n\t\t\t\t<\/div>\n\t\t\t\t\t\t\t\t<\/div>\n\t\t\t\t<\/div>\n\t\t            <\/div>\r\n        <\/div>\r\n        \t\t\t<\/div>\r\n\t\t<\/section>\r\n\t\t\t\t<\/div>","protected":false},"excerpt":{"rendered":"<p>15\u00e8me Colloque National de France Renouvelables \ud83c\udf3f Colloque National de France Renouvelables 2025 : l\u2019\u00e9v\u00e9nement incontournable de la transition \u00e9nerg\u00e9tique \ud83d\udcc5\u00a0Dates\u00a0: 15 et 16 octobre 2025 \ud83d\udccd\u00a0Lieu\u00a0: Parc Floral de Paris, Route de la Pyramide, 75012 Paris \ud83d\udd17\u00a0Site officiel de l\u2019\u00e9v\u00e9nement \ud83d\udd04 Une nouvelle \u00e8re pour le Colloque National Le\u00a0Colloque National \u00c9olien\u00a0devient le\u00a0Colloque National de [&hellip;]<\/p>\n","protected":false},"author":1,"featured_media":8765,"comment_status":"open","ping_status":"open","sticky":false,"template":"","format":"standard","meta":{"_coblocks_attr":"","_coblocks_dimensions":"","_coblocks_responsive_height":"","_coblocks_accordion_ie_support":"","footnotes":""},"categories":[2,64],"tags":[],"class_list":["post-8762","post","type-post","status-publish","format-standard","has-post-thumbnail","hentry","category-energie","category-evenement","cms-has-post-thumbnail"],"yoast_head":"<!-- This site is optimized with the Yoast SEO plugin v27.5 - https:\/\/yoast.com\/product\/yoast-seo-wordpress\/ -->\n<title>Colloque annuel France Renouvelable - APAL MW<\/title>\n<meta name=\"description\" content=\"Colloque annuel France Renouvelable 15 et 16 octobre 2025 au parc floral de Paris. Tous les informations utiles.\" \/>\n<meta name=\"robots\" content=\"index, follow, max-snippet:-1, max-image-preview:large, max-video-preview:-1\" \/>\n<link rel=\"canonical\" href=\"https:\/\/apalmw.com\/en\/colloque-annuel-france-renouvelable\/\" \/>\n<meta property=\"og:locale\" content=\"en_US\" \/>\n<meta property=\"og:type\" content=\"article\" \/>\n<meta property=\"og:title\" content=\"Colloque annuel France Renouvelable - APAL MW\" \/>\n<meta property=\"og:description\" content=\"Colloque annuel France Renouvelable 15 et 16 octobre 2025 au parc floral de Paris. Tous les informations utiles.\" \/>\n<meta property=\"og:url\" content=\"https:\/\/apalmw.com\/en\/colloque-annuel-france-renouvelable\/\" \/>\n<meta property=\"og:site_name\" content=\"APAL MW\" \/>\n<meta property=\"article:author\" content=\"https:\/\/www.facebook.com\/profile.php?id=61583036103410\" \/>\n<meta property=\"article:published_time\" content=\"2025-07-18T12:26:56+00:00\" \/>\n<meta property=\"article:modified_time\" content=\"2025-07-18T15:01:50+00:00\" \/>\n<meta property=\"og:image\" content=\"https:\/\/apalmw.com\/wp-content\/uploads\/2025\/07\/banniere25_1500x500_V3-scaled-1-scaled.avif\" \/>\n\t<meta property=\"og:image:width\" content=\"2560\" \/>\n\t<meta property=\"og:image:height\" content=\"853\" \/>\n\t<meta property=\"og:image:type\" content=\"image\/jpeg\" \/>\n<meta name=\"author\" content=\"apal_mw\" \/>\n<meta name=\"twitter:card\" content=\"summary_large_image\" \/>\n<meta name=\"twitter:label1\" content=\"Written by\" \/>\n\t<meta name=\"twitter:data1\" content=\"apal_mw\" \/>\n\t<meta name=\"twitter:label2\" content=\"Est. reading time\" \/>\n\t<meta name=\"twitter:data2\" content=\"2 minutes\" \/>\n<script type=\"application\/ld+json\" class=\"yoast-schema-graph\">{\"@context\":\"https:\\\/\\\/schema.org\",\"@graph\":[{\"@type\":\"Article\",\"@id\":\"https:\\\/\\\/apalmw.com\\\/colloque-annuel-france-renouvelable\\\/#article\",\"isPartOf\":{\"@id\":\"https:\\\/\\\/apalmw.com\\\/colloque-annuel-france-renouvelable\\\/\"},\"author\":{\"name\":\"apal_mw\",\"@id\":\"https:\\\/\\\/apalmw.com\\\/#\\\/schema\\\/person\\\/c8ad8831c9e665b93c2d396cb7deaba3\"},\"headline\":\"Colloque annuel France Renouvelable\",\"datePublished\":\"2025-07-18T12:26:56+00:00\",\"dateModified\":\"2025-07-18T15:01:50+00:00\",\"mainEntityOfPage\":{\"@id\":\"https:\\\/\\\/apalmw.com\\\/colloque-annuel-france-renouvelable\\\/\"},\"wordCount\":275,\"commentCount\":0,\"publisher\":{\"@id\":\"https:\\\/\\\/apalmw.com\\\/#organization\"},\"image\":{\"@id\":\"https:\\\/\\\/apalmw.com\\\/colloque-annuel-france-renouvelable\\\/#primaryimage\"},\"thumbnailUrl\":\"https:\\\/\\\/apalmw.com\\\/wp-content\\\/uploads\\\/2025\\\/07\\\/banniere25_1500x500_V3-scaled-1-scaled.avif\",\"articleSection\":[\"\u00c9nergie\",\"Ev\u00e8nement\"],\"inLanguage\":\"en-US\",\"potentialAction\":[{\"@type\":\"CommentAction\",\"name\":\"Comment\",\"target\":[\"https:\\\/\\\/apalmw.com\\\/colloque-annuel-france-renouvelable\\\/#respond\"]}]},{\"@type\":\"WebPage\",\"@id\":\"https:\\\/\\\/apalmw.com\\\/colloque-annuel-france-renouvelable\\\/\",\"url\":\"https:\\\/\\\/apalmw.com\\\/colloque-annuel-france-renouvelable\\\/\",\"name\":\"Colloque annuel France Renouvelable - APAL MW\",\"isPartOf\":{\"@id\":\"https:\\\/\\\/apalmw.com\\\/#website\"},\"primaryImageOfPage\":{\"@id\":\"https:\\\/\\\/apalmw.com\\\/colloque-annuel-france-renouvelable\\\/#primaryimage\"},\"image\":{\"@id\":\"https:\\\/\\\/apalmw.com\\\/colloque-annuel-france-renouvelable\\\/#primaryimage\"},\"thumbnailUrl\":\"https:\\\/\\\/apalmw.com\\\/wp-content\\\/uploads\\\/2025\\\/07\\\/banniere25_1500x500_V3-scaled-1-scaled.avif\",\"datePublished\":\"2025-07-18T12:26:56+00:00\",\"dateModified\":\"2025-07-18T15:01:50+00:00\",\"description\":\"Colloque annuel France Renouvelable 15 et 16 octobre 2025 au parc floral de Paris. Tous les informations utiles.\",\"breadcrumb\":{\"@id\":\"https:\\\/\\\/apalmw.com\\\/colloque-annuel-france-renouvelable\\\/#breadcrumb\"},\"inLanguage\":\"en-US\",\"potentialAction\":[{\"@type\":\"ReadAction\",\"target\":[\"https:\\\/\\\/apalmw.com\\\/colloque-annuel-france-renouvelable\\\/\"]}]},{\"@type\":\"ImageObject\",\"inLanguage\":\"en-US\",\"@id\":\"https:\\\/\\\/apalmw.com\\\/colloque-annuel-france-renouvelable\\\/#primaryimage\",\"url\":\"https:\\\/\\\/apalmw.com\\\/wp-content\\\/uploads\\\/2025\\\/07\\\/banniere25_1500x500_V3-scaled-1-scaled.avif\",\"contentUrl\":\"https:\\\/\\\/apalmw.com\\\/wp-content\\\/uploads\\\/2025\\\/07\\\/banniere25_1500x500_V3-scaled-1-scaled.avif\",\"width\":2560,\"height\":853,\"caption\":\"Banni\u00e8re colloque national de France renouvelable 2025\"},{\"@type\":\"BreadcrumbList\",\"@id\":\"https:\\\/\\\/apalmw.com\\\/colloque-annuel-france-renouvelable\\\/#breadcrumb\",\"itemListElement\":[{\"@type\":\"ListItem\",\"position\":1,\"name\":\"Accueil\",\"item\":\"https:\\\/\\\/apalmw.com\\\/\"},{\"@type\":\"ListItem\",\"position\":2,\"name\":\"Colloque annuel France Renouvelable\"}]},{\"@type\":\"WebSite\",\"@id\":\"https:\\\/\\\/apalmw.com\\\/#website\",\"url\":\"https:\\\/\\\/apalmw.com\\\/\",\"name\":\"APAL MW\",\"description\":\"Ensemble vers l&#039;\u00e9nergie de demain\",\"publisher\":{\"@id\":\"https:\\\/\\\/apalmw.com\\\/#organization\"},\"alternateName\":\"APAL\",\"potentialAction\":[{\"@type\":\"SearchAction\",\"target\":{\"@type\":\"EntryPoint\",\"urlTemplate\":\"https:\\\/\\\/apalmw.com\\\/?s={search_term_string}\"},\"query-input\":{\"@type\":\"PropertyValueSpecification\",\"valueRequired\":true,\"valueName\":\"search_term_string\"}}],\"inLanguage\":\"en-US\"},{\"@type\":\"Organization\",\"@id\":\"https:\\\/\\\/apalmw.com\\\/#organization\",\"name\":\"APAL MW\",\"alternateName\":\"APALMW\",\"url\":\"https:\\\/\\\/apalmw.com\\\/\",\"logo\":{\"@type\":\"ImageObject\",\"inLanguage\":\"en-US\",\"@id\":\"https:\\\/\\\/apalmw.com\\\/#\\\/schema\\\/logo\\\/image\\\/\",\"url\":\"\",\"contentUrl\":\"\",\"caption\":\"APAL MW\"},\"image\":{\"@id\":\"https:\\\/\\\/apalmw.com\\\/#\\\/schema\\\/logo\\\/image\\\/\"},\"sameAs\":[\"https:\\\/\\\/fr.linkedin.com\\\/company\\\/apal-mw\",\"https:\\\/\\\/www.youtube.com\\\/@APALMW\"]},{\"@type\":\"Person\",\"@id\":\"https:\\\/\\\/apalmw.com\\\/#\\\/schema\\\/person\\\/c8ad8831c9e665b93c2d396cb7deaba3\",\"name\":\"apal_mw\",\"image\":{\"@type\":\"ImageObject\",\"inLanguage\":\"en-US\",\"@id\":\"https:\\\/\\\/secure.gravatar.com\\\/avatar\\\/e72f9485464a294f5b3a53988918fd0d57f2abce487c0e34b1b9192e01388adb?s=96&d=mm&r=g\",\"url\":\"https:\\\/\\\/secure.gravatar.com\\\/avatar\\\/e72f9485464a294f5b3a53988918fd0d57f2abce487c0e34b1b9192e01388adb?s=96&d=mm&r=g\",\"contentUrl\":\"https:\\\/\\\/secure.gravatar.com\\\/avatar\\\/e72f9485464a294f5b3a53988918fd0d57f2abce487c0e34b1b9192e01388adb?s=96&d=mm&r=g\",\"caption\":\"apal_mw\"},\"sameAs\":[\"https:\\\/\\\/apalmw.com\",\"https:\\\/\\\/www.facebook.com\\\/profile.php?id=61583036103410\",\"https:\\\/\\\/www.instagram.com\\\/apal_mw\",\"https:\\\/\\\/www.linkedin.com\\\/company\\\/apal-mw\",\"https:\\\/\\\/www.youtube.com\\\/@APALMW\"],\"url\":\"https:\\\/\\\/apalmw.com\\\/en\\\/author\\\/apalmwnicolas\\\/\"}]}<\/script>\n<!-- \/ Yoast SEO plugin. -->","yoast_head_json":{"title":"Colloque annuel France Renouvelable - APAL MW","description":"Colloque annuel France Renouvelable 15 et 16 octobre 2025 au parc floral de Paris. Tous les informations utiles.","robots":{"index":"index","follow":"follow","max-snippet":"max-snippet:-1","max-image-preview":"max-image-preview:large","max-video-preview":"max-video-preview:-1"},"canonical":"https:\/\/apalmw.com\/en\/colloque-annuel-france-renouvelable\/","og_locale":"en_US","og_type":"article","og_title":"Colloque annuel France Renouvelable - APAL MW","og_description":"Colloque annuel France Renouvelable 15 et 16 octobre 2025 au parc floral de Paris. Tous les informations utiles.","og_url":"https:\/\/apalmw.com\/en\/colloque-annuel-france-renouvelable\/","og_site_name":"APAL MW","article_author":"https:\/\/www.facebook.com\/profile.php?id=61583036103410","article_published_time":"2025-07-18T12:26:56+00:00","article_modified_time":"2025-07-18T15:01:50+00:00","og_image":[{"width":2560,"height":853,"url":"https:\/\/apalmw.com\/wp-content\/uploads\/2025\/07\/banniere25_1500x500_V3-scaled-1-scaled.avif","type":"image\/jpeg"}],"author":"apal_mw","twitter_card":"summary_large_image","twitter_misc":{"Written by":"apal_mw","Est. reading time":"2 minutes"},"schema":{"@context":"https:\/\/schema.org","@graph":[{"@type":"Article","@id":"https:\/\/apalmw.com\/colloque-annuel-france-renouvelable\/#article","isPartOf":{"@id":"https:\/\/apalmw.com\/colloque-annuel-france-renouvelable\/"},"author":{"name":"apal_mw","@id":"https:\/\/apalmw.com\/#\/schema\/person\/c8ad8831c9e665b93c2d396cb7deaba3"},"headline":"Colloque annuel France Renouvelable","datePublished":"2025-07-18T12:26:56+00:00","dateModified":"2025-07-18T15:01:50+00:00","mainEntityOfPage":{"@id":"https:\/\/apalmw.com\/colloque-annuel-france-renouvelable\/"},"wordCount":275,"commentCount":0,"publisher":{"@id":"https:\/\/apalmw.com\/#organization"},"image":{"@id":"https:\/\/apalmw.com\/colloque-annuel-france-renouvelable\/#primaryimage"},"thumbnailUrl":"https:\/\/apalmw.com\/wp-content\/uploads\/2025\/07\/banniere25_1500x500_V3-scaled-1-scaled.avif","articleSection":["\u00c9nergie","Ev\u00e8nement"],"inLanguage":"en-US","potentialAction":[{"@type":"CommentAction","name":"Comment","target":["https:\/\/apalmw.com\/colloque-annuel-france-renouvelable\/#respond"]}]},{"@type":"WebPage","@id":"https:\/\/apalmw.com\/colloque-annuel-france-renouvelable\/","url":"https:\/\/apalmw.com\/colloque-annuel-france-renouvelable\/","name":"Colloque annuel France Renouvelable - APAL MW","isPartOf":{"@id":"https:\/\/apalmw.com\/#website"},"primaryImageOfPage":{"@id":"https:\/\/apalmw.com\/colloque-annuel-france-renouvelable\/#primaryimage"},"image":{"@id":"https:\/\/apalmw.com\/colloque-annuel-france-renouvelable\/#primaryimage"},"thumbnailUrl":"https:\/\/apalmw.com\/wp-content\/uploads\/2025\/07\/banniere25_1500x500_V3-scaled-1-scaled.avif","datePublished":"2025-07-18T12:26:56+00:00","dateModified":"2025-07-18T15:01:50+00:00","description":"Colloque annuel France Renouvelable 15 et 16 octobre 2025 au parc floral de Paris. Tous les informations utiles.","breadcrumb":{"@id":"https:\/\/apalmw.com\/colloque-annuel-france-renouvelable\/#breadcrumb"},"inLanguage":"en-US","potentialAction":[{"@type":"ReadAction","target":["https:\/\/apalmw.com\/colloque-annuel-france-renouvelable\/"]}]},{"@type":"ImageObject","inLanguage":"en-US","@id":"https:\/\/apalmw.com\/colloque-annuel-france-renouvelable\/#primaryimage","url":"https:\/\/apalmw.com\/wp-content\/uploads\/2025\/07\/banniere25_1500x500_V3-scaled-1-scaled.avif","contentUrl":"https:\/\/apalmw.com\/wp-content\/uploads\/2025\/07\/banniere25_1500x500_V3-scaled-1-scaled.avif","width":2560,"height":853,"caption":"Banni\u00e8re colloque national de France renouvelable 2025"},{"@type":"BreadcrumbList","@id":"https:\/\/apalmw.com\/colloque-annuel-france-renouvelable\/#breadcrumb","itemListElement":[{"@type":"ListItem","position":1,"name":"Accueil","item":"https:\/\/apalmw.com\/"},{"@type":"ListItem","position":2,"name":"Colloque annuel France Renouvelable"}]},{"@type":"WebSite","@id":"https:\/\/apalmw.com\/#website","url":"https:\/\/apalmw.com\/","name":"APAL MW","description":"Ensemble vers l&#039;\u00e9nergie de demain","publisher":{"@id":"https:\/\/apalmw.com\/#organization"},"alternateName":"APAL","potentialAction":[{"@type":"SearchAction","target":{"@type":"EntryPoint","urlTemplate":"https:\/\/apalmw.com\/?s={search_term_string}"},"query-input":{"@type":"PropertyValueSpecification","valueRequired":true,"valueName":"search_term_string"}}],"inLanguage":"en-US"},{"@type":"Organization","@id":"https:\/\/apalmw.com\/#organization","name":"APAL MW","alternateName":"APALMW","url":"https:\/\/apalmw.com\/","logo":{"@type":"ImageObject","inLanguage":"en-US","@id":"https:\/\/apalmw.com\/#\/schema\/logo\/image\/","url":"","contentUrl":"","caption":"APAL MW"},"image":{"@id":"https:\/\/apalmw.com\/#\/schema\/logo\/image\/"},"sameAs":["https:\/\/fr.linkedin.com\/company\/apal-mw","https:\/\/www.youtube.com\/@APALMW"]},{"@type":"Person","@id":"https:\/\/apalmw.com\/#\/schema\/person\/c8ad8831c9e665b93c2d396cb7deaba3","name":"apal_mw","image":{"@type":"ImageObject","inLanguage":"en-US","@id":"https:\/\/secure.gravatar.com\/avatar\/e72f9485464a294f5b3a53988918fd0d57f2abce487c0e34b1b9192e01388adb?s=96&d=mm&r=g","url":"https:\/\/secure.gravatar.com\/avatar\/e72f9485464a294f5b3a53988918fd0d57f2abce487c0e34b1b9192e01388adb?s=96&d=mm&r=g","contentUrl":"https:\/\/secure.gravatar.com\/avatar\/e72f9485464a294f5b3a53988918fd0d57f2abce487c0e34b1b9192e01388adb?s=96&d=mm&r=g","caption":"apal_mw"},"sameAs":["https:\/\/apalmw.com","https:\/\/www.facebook.com\/profile.php?id=61583036103410","https:\/\/www.instagram.com\/apal_mw","https:\/\/www.linkedin.com\/company\/apal-mw","https:\/\/www.youtube.com\/@APALMW"],"url":"https:\/\/apalmw.com\/en\/author\/apalmwnicolas\/"}]}},"_links":{"self":[{"href":"https:\/\/apalmw.com\/en\/wp-json\/wp\/v2\/posts\/8762","targetHints":{"allow":["GET"]}}],"collection":[{"href":"https:\/\/apalmw.com\/en\/wp-json\/wp\/v2\/posts"}],"about":[{"href":"https:\/\/apalmw.com\/en\/wp-json\/wp\/v2\/types\/post"}],"author":[{"embeddable":true,"href":"https:\/\/apalmw.com\/en\/wp-json\/wp\/v2\/users\/1"}],"replies":[{"embeddable":true,"href":"https:\/\/apalmw.com\/en\/wp-json\/wp\/v2\/comments?post=8762"}],"version-history":[{"count":5,"href":"https:\/\/apalmw.com\/en\/wp-json\/wp\/v2\/posts\/8762\/revisions"}],"predecessor-version":[{"id":8772,"href":"https:\/\/apalmw.com\/en\/wp-json\/wp\/v2\/posts\/8762\/revisions\/8772"}],"wp:featuredmedia":[{"embeddable":true,"href":"https:\/\/apalmw.com\/en\/wp-json\/wp\/v2\/media\/8765"}],"wp:attachment":[{"href":"https:\/\/apalmw.com\/en\/wp-json\/wp\/v2\/media?parent=8762"}],"wp:term":[{"taxonomy":"category","embeddable":true,"href":"https:\/\/apalmw.com\/en\/wp-json\/wp\/v2\/categories?post=8762"},{"taxonomy":"post_tag","embeddable":true,"href":"https:\/\/apalmw.com\/en\/wp-json\/wp\/v2\/tags?post=8762"}],"curies":[{"name":"wp","href":"https:\/\/api.w.org\/{rel}","templated":true}]}}