{"id":8676,"date":"2025-08-12T14:00:37","date_gmt":"2025-08-12T13:00:37","guid":{"rendered":"https:\/\/apalmw.com\/?p=8676"},"modified":"2025-08-13T13:37:40","modified_gmt":"2025-08-13T12:37:40","slug":"space-2025","status":"publish","type":"post","link":"https:\/\/apalmw.com\/en\/space-2025\/","title":{"rendered":"SPACE 2025"},"content":{"rendered":"<div data-elementor-type=\"wp-post\" data-elementor-id=\"8676\" class=\"elementor elementor-8676\" data-elementor-post-type=\"post\">\n\t\t\t\t        <section class=\"elementor-section elementor-top-section elementor-element elementor-element-67e7ec7 elementor-section-boxed elementor-section-height-default elementor-section-height-default cms-boxed-bg-false\" data-id=\"67e7ec7\" data-element_type=\"section\" data-e-type=\"section\">\r\n\t\t\r\n\t\t<div class=\"cms-section-boxed-bg\"><\/div>        <div class=\"elementor-container elementor-column-gap-default\" >\r\n\t\t        <div class=\"elementor-column elementor-col-100 elementor-top-column elementor-element elementor-element-f8749dd\" data-id=\"f8749dd\" data-element_type=\"column\" data-e-type=\"column\">\r\n            <div class=\"elementor-widget-wrap elementor-element-populated\">\r\n                \t\t<div class=\"elementor-element elementor-element-fbef1ae elementor-widget elementor-widget-heading\" data-id=\"fbef1ae\" data-element_type=\"widget\" data-e-type=\"widget\" data-widget_type=\"heading.default\">\n\t\t\t\t<div class=\"elementor-widget-container\">\n\t\t\t\t\t<h2 class=\"elementor-heading-title elementor-size-default\">SPACE 2025 \u2013 Salon International de l\u2019\u00c9levage - Retrouvez nous Hall 4 Stand D119<\/h2>\t\t\t\t<\/div>\n\t\t\t\t<\/div>\n\t\t\t\t<div class=\"elementor-element elementor-element-270e581 elementor-widget elementor-widget-image\" data-id=\"270e581\" data-element_type=\"widget\" data-e-type=\"widget\" data-widget_type=\"image.default\">\n\t\t\t\t<div class=\"elementor-widget-container\">\n\t\t\t\t\t\t\t\t\t\t\t\t\t\t\t<img fetchpriority=\"high\" decoding=\"async\" width=\"2560\" height=\"347\" src=\"https:\/\/apalmw.com\/wp-content\/uploads\/2025\/06\/LogoDates2025-Horizontal_50f3d85c-616c-4fce-93f3-1709bcaf6c9a-scaled.avif\" class=\"attachment-full size-full wp-image-8816 not-transparent\" alt=\"\" srcset=\"https:\/\/apalmw.com\/wp-content\/uploads\/2025\/06\/LogoDates2025-Horizontal_50f3d85c-616c-4fce-93f3-1709bcaf6c9a-scaled.avif 2560w, https:\/\/apalmw.com\/wp-content\/uploads\/2025\/06\/LogoDates2025-Horizontal_50f3d85c-616c-4fce-93f3-1709bcaf6c9a-1536x208.avif 1536w, https:\/\/apalmw.com\/wp-content\/uploads\/2025\/06\/LogoDates2025-Horizontal_50f3d85c-616c-4fce-93f3-1709bcaf6c9a-2048x277.avif 2048w, https:\/\/apalmw.com\/wp-content\/uploads\/2025\/06\/LogoDates2025-Horizontal_50f3d85c-616c-4fce-93f3-1709bcaf6c9a-18x2.avif 18w, https:\/\/apalmw.com\/wp-content\/uploads\/2025\/06\/LogoDates2025-Horizontal_50f3d85c-616c-4fce-93f3-1709bcaf6c9a-1170x158.avif 1170w, https:\/\/apalmw.com\/wp-content\/uploads\/2025\/06\/LogoDates2025-Horizontal_50f3d85c-616c-4fce-93f3-1709bcaf6c9a-600x81.avif 600w\" sizes=\"(max-width: 2560px) 100vw, 2560px\" data-has-transparency=\"false\" data-dominant-color=\"167f71\" style=\"--dominant-color: #167f71\" \/>\t\t\t\t\t\t\t\t\t\t\t\t\t\t\t<\/div>\n\t\t\t\t<\/div>\n\t\t\t\t<div class=\"elementor-element elementor-element-f536c8f elementor-widget elementor-widget-text-editor\" data-id=\"f536c8f\" data-element_type=\"widget\" data-e-type=\"widget\" data-widget_type=\"text-editor.default\">\n\t\t\t\t<div class=\"elementor-widget-container\">\n\t\t\t\t\t\t\t\t\t<div>Au c\u0153ur du Grand Ouest, grande r\u00e9gion d\u2019\u00e9levage en Europe, le SPACE vous accueillera du\u00a0<strong>16 au 18 septembre 2025 au Parc-Expo de Rennes<\/strong>. Ces trois jours seront \u00e0 nouveau une chance exceptionnelle et unique pour toutes les fili\u00e8res d\u2019\u00e9levage pour s\u2019informer, \u00e9changer, partager, d\u00e9battre\u2026 et aussi faire savoir \u00e0 quel point nos fili\u00e8res sont dynamiques, innovantes et modernes.\u00a0<\/div><div><h4>\ud83d\udccd\u00a0<strong>Lieu &amp; Dates<\/strong><\/h4><ul><li><strong>Parc-Expo de Rennes<\/strong>, France<\/li><li>Du\u00a0<strong>16 au 18 septembre 2025<\/strong><\/li><li>Nous serons pr\u00e9sent durant toute la dur\u00e9e du salon au<strong> Hall 4 Stand D119<\/strong><\/li><\/ul><h4>\ud83c\udf0d\u00a0<strong>Chiffres cl\u00e9s<\/strong><\/h4><ul><li><strong>1 200 exposants<\/strong>, dont\u00a0<strong>365 internationaux<\/strong>\u00a0de\u00a0<strong>40 pays<\/strong><\/li><li><strong>100 000 visiteurs<\/strong>\u00a0attendus, dont\u00a0<strong>12 000 internationaux<\/strong><\/li><li><strong>11 halls sectoriels<\/strong>\u00a0+\u00a0<strong>16 hectares<\/strong>\u00a0d\u2019exposition en plein air<\/li><\/ul><h4>\ud83e\udded\u00a0<strong>Secteurs repr\u00e9sent\u00e9s<\/strong><\/h4><ul><li>Bovins, porcins, aviculture, ovins, caprins, \u00e9quins, aquaculture<\/li><li>Alimentation animale, \u00e9nergie, environnement, sant\u00e9 animale, \u00e9quipements, IA\/Data<\/li><\/ul><h4>\ud83c\udfc6\u00a0<strong>Temps forts<\/strong><\/h4><ul><li><strong>Innov\u2019Space<\/strong>\u00a0: concours d\u2019innovations (43 laur\u00e9ats en 2025)<\/li><li><strong>100 conf\u00e9rences<\/strong>\u00a0sur les enjeux de l\u2019\u00e9levage<\/li><li><strong>Pr\u00e9sentations animales<\/strong>, concours, d\u00e9monstrations<\/li><li><strong>Espace pour Demain<\/strong>,\u00a0<strong>Tech Agri Challenge<\/strong>,\u00a0<strong>Espace Jeunes<\/strong><\/li><\/ul><h4>\ud83e\udd1d\u00a0<strong>Objectifs<\/strong><\/h4><ul><li>Favoriser les\u00a0<strong>rencontres B2B<\/strong><\/li><li>Mettre en avant les\u00a0<strong>innovations du secteur<\/strong><\/li><li>Offrir une\u00a0<strong>vision d\u2019avenir<\/strong>\u00a0pour toutes les fili\u00e8res animales<\/li><\/ul><div>\u00a0<\/div><div>Le SPACE est bien plus qu\u2019un Salon : c\u2019est un lieu o\u00f9 les investissements se d\u00e9cident, o\u00f9 les partenariats se construisent, et o\u00f9 se poursuit le rayonnement de vos activit\u00e9s au-del\u00e0 des fronti\u00e8res. Cette dynamique nous permet de nous nourrir de r\u00e9flexions constructives et positives. Ce sont des \u00e9l\u00e9ments essentiels pour \u0153uvrer de notre mieux pour l\u2019agriculture et pr\u00e9parer la prochaine \u00e9dition du SPACE !<\/div><\/div>\t\t\t\t\t\t\t\t<\/div>\n\t\t\t\t<\/div>\n\t\t\t\t<div class=\"elementor-element elementor-element-bd0031a elementor-button-info elementor-align-right elementor-widget elementor-widget-button\" data-id=\"bd0031a\" data-element_type=\"widget\" data-e-type=\"widget\" data-widget_type=\"button.default\">\n\t\t\t\t<div class=\"elementor-widget-container\">\n\t\t\t\t\t\t\t\t\t<div class=\"elementor-button-wrapper\">\n\t\t\t\t\t<a class=\"elementor-button elementor-button-link elementor-size-sm\" href=\"https:\/\/www.space.fr\/fr\">\n\t\t\t\t\t\t<span class=\"elementor-button-content-wrapper\">\n\t\t\t\t\t\t<span class=\"elementor-button-icon\">\n\t\t\t\t<i aria-hidden=\"true\" class=\"far fa-dot-circle\"><\/i>\t\t\t<\/span>\n\t\t\t\t\t\t\t\t\t<span class=\"elementor-button-text\">Plus d'informations<\/span>\n\t\t\t\t\t<\/span>\n\t\t\t\t\t<\/a>\n\t\t\t\t<\/div>\n\t\t\t\t\t\t\t\t<\/div>\n\t\t\t\t<\/div>\n\t\t            <\/div>\r\n        <\/div>\r\n        \t\t\t<\/div>\r\n\t\t<\/section>\r\n\t\t\t\t<\/div>","protected":false},"excerpt":{"rendered":"<p>SPACE 2025 \u2013 Salon International de l\u2019\u00c9levage Au c\u0153ur du Grand Ouest, grande r\u00e9gion d\u2019\u00e9levage en Europe, le SPACE vous accueillera du\u00a016 au 18 septembre 2025 au Parc-Expo de Rennes. Ces trois jours seront \u00e0 nouveau une chance exceptionnelle et unique pour toutes les fili\u00e8res d\u2019\u00e9levage pour s\u2019informer, \u00e9changer, partager, d\u00e9battre\u2026 et aussi faire savoir [&hellip;]<\/p>\n","protected":false},"author":1,"featured_media":8817,"comment_status":"open","ping_status":"open","sticky":false,"template":"","format":"standard","meta":{"_coblocks_attr":"","_coblocks_dimensions":"","_coblocks_responsive_height":"","_coblocks_accordion_ie_support":"","footnotes":""},"categories":[55,2,64],"tags":[],"class_list":["post-8676","post","type-post","status-publish","format-standard","has-post-thumbnail","hentry","category-agri","category-energie","category-evenement","cms-has-post-thumbnail"],"yoast_head":"<!-- This site is optimized with the Yoast SEO plugin v27.5 - https:\/\/yoast.com\/product\/yoast-seo-wordpress\/ -->\n<title>SPACE 2025 - APAL MW<\/title>\n<meta name=\"description\" content=\"D\u00e9couvrez le salon SPACE 2025 \u00e0 Rennes, l\u2019\u00e9v\u00e9nement international d\u00e9di\u00e9 \u00e0 l\u2019\u00e9levage et aux innovations agricoles.\" \/>\n<meta name=\"robots\" content=\"index, follow, max-snippet:-1, max-image-preview:large, max-video-preview:-1\" \/>\n<link rel=\"canonical\" href=\"https:\/\/apalmw.com\/en\/space-2025\/\" \/>\n<meta property=\"og:locale\" content=\"en_US\" \/>\n<meta property=\"og:type\" content=\"article\" \/>\n<meta property=\"og:title\" content=\"SPACE 2025 - APAL MW\" \/>\n<meta property=\"og:description\" content=\"D\u00e9couvrez le salon SPACE 2025 \u00e0 Rennes, l\u2019\u00e9v\u00e9nement international d\u00e9di\u00e9 \u00e0 l\u2019\u00e9levage et aux innovations agricoles.\" \/>\n<meta property=\"og:url\" content=\"https:\/\/apalmw.com\/en\/space-2025\/\" \/>\n<meta property=\"og:site_name\" content=\"APAL MW\" \/>\n<meta property=\"article:author\" content=\"https:\/\/www.facebook.com\/profile.php?id=61583036103410\" \/>\n<meta property=\"article:published_time\" content=\"2025-08-12T13:00:37+00:00\" \/>\n<meta property=\"article:modified_time\" content=\"2025-08-13T12:37:40+00:00\" \/>\n<meta property=\"og:image\" content=\"https:\/\/apalmw.com\/wp-content\/uploads\/2025\/06\/PhotosBoutique3_4db7787e-a788-4a44-a9e3-3fcead1f1f25-scaled.avif\" \/>\n\t<meta property=\"og:image:width\" content=\"2560\" \/>\n\t<meta property=\"og:image:height\" content=\"2560\" \/>\n\t<meta property=\"og:image:type\" content=\"image\/png\" \/>\n<meta name=\"author\" content=\"apal_mw\" \/>\n<meta name=\"twitter:card\" content=\"summary_large_image\" \/>\n<meta name=\"twitter:label1\" content=\"Written by\" \/>\n\t<meta name=\"twitter:data1\" content=\"apal_mw\" \/>\n\t<meta name=\"twitter:label2\" content=\"Est. reading time\" \/>\n\t<meta name=\"twitter:data2\" content=\"2 minutes\" \/>\n<script type=\"application\/ld+json\" class=\"yoast-schema-graph\">{\"@context\":\"https:\\\/\\\/schema.org\",\"@graph\":[{\"@type\":\"Article\",\"@id\":\"https:\\\/\\\/apalmw.com\\\/space-2025\\\/#article\",\"isPartOf\":{\"@id\":\"https:\\\/\\\/apalmw.com\\\/space-2025\\\/\"},\"author\":{\"name\":\"apal_mw\",\"@id\":\"https:\\\/\\\/apalmw.com\\\/#\\\/schema\\\/person\\\/c8ad8831c9e665b93c2d396cb7deaba3\"},\"headline\":\"SPACE 2025\",\"datePublished\":\"2025-08-12T13:00:37+00:00\",\"dateModified\":\"2025-08-13T12:37:40+00:00\",\"mainEntityOfPage\":{\"@id\":\"https:\\\/\\\/apalmw.com\\\/space-2025\\\/\"},\"wordCount\":250,\"commentCount\":0,\"publisher\":{\"@id\":\"https:\\\/\\\/apalmw.com\\\/#organization\"},\"image\":{\"@id\":\"https:\\\/\\\/apalmw.com\\\/space-2025\\\/#primaryimage\"},\"thumbnailUrl\":\"https:\\\/\\\/apalmw.com\\\/wp-content\\\/uploads\\\/2025\\\/06\\\/PhotosBoutique3_4db7787e-a788-4a44-a9e3-3fcead1f1f25-scaled.avif\",\"articleSection\":[\"Agrivolta\u00efsme\",\"\u00c9nergie\",\"Ev\u00e8nement\"],\"inLanguage\":\"en-US\",\"potentialAction\":[{\"@type\":\"CommentAction\",\"name\":\"Comment\",\"target\":[\"https:\\\/\\\/apalmw.com\\\/space-2025\\\/#respond\"]}]},{\"@type\":\"WebPage\",\"@id\":\"https:\\\/\\\/apalmw.com\\\/space-2025\\\/\",\"url\":\"https:\\\/\\\/apalmw.com\\\/space-2025\\\/\",\"name\":\"SPACE 2025 - APAL MW\",\"isPartOf\":{\"@id\":\"https:\\\/\\\/apalmw.com\\\/#website\"},\"primaryImageOfPage\":{\"@id\":\"https:\\\/\\\/apalmw.com\\\/space-2025\\\/#primaryimage\"},\"image\":{\"@id\":\"https:\\\/\\\/apalmw.com\\\/space-2025\\\/#primaryimage\"},\"thumbnailUrl\":\"https:\\\/\\\/apalmw.com\\\/wp-content\\\/uploads\\\/2025\\\/06\\\/PhotosBoutique3_4db7787e-a788-4a44-a9e3-3fcead1f1f25-scaled.avif\",\"datePublished\":\"2025-08-12T13:00:37+00:00\",\"dateModified\":\"2025-08-13T12:37:40+00:00\",\"description\":\"D\u00e9couvrez le salon SPACE 2025 \u00e0 Rennes, l\u2019\u00e9v\u00e9nement international d\u00e9di\u00e9 \u00e0 l\u2019\u00e9levage et aux innovations agricoles.\",\"breadcrumb\":{\"@id\":\"https:\\\/\\\/apalmw.com\\\/space-2025\\\/#breadcrumb\"},\"inLanguage\":\"en-US\",\"potentialAction\":[{\"@type\":\"ReadAction\",\"target\":[\"https:\\\/\\\/apalmw.com\\\/space-2025\\\/\"]}]},{\"@type\":\"ImageObject\",\"inLanguage\":\"en-US\",\"@id\":\"https:\\\/\\\/apalmw.com\\\/space-2025\\\/#primaryimage\",\"url\":\"https:\\\/\\\/apalmw.com\\\/wp-content\\\/uploads\\\/2025\\\/06\\\/PhotosBoutique3_4db7787e-a788-4a44-a9e3-3fcead1f1f25-scaled.avif\",\"contentUrl\":\"https:\\\/\\\/apalmw.com\\\/wp-content\\\/uploads\\\/2025\\\/06\\\/PhotosBoutique3_4db7787e-a788-4a44-a9e3-3fcead1f1f25-scaled.avif\",\"width\":2560,\"height\":2560},{\"@type\":\"BreadcrumbList\",\"@id\":\"https:\\\/\\\/apalmw.com\\\/space-2025\\\/#breadcrumb\",\"itemListElement\":[{\"@type\":\"ListItem\",\"position\":1,\"name\":\"Accueil\",\"item\":\"https:\\\/\\\/apalmw.com\\\/\"},{\"@type\":\"ListItem\",\"position\":2,\"name\":\"SPACE 2025\"}]},{\"@type\":\"WebSite\",\"@id\":\"https:\\\/\\\/apalmw.com\\\/#website\",\"url\":\"https:\\\/\\\/apalmw.com\\\/\",\"name\":\"APAL MW\",\"description\":\"Ensemble vers l&#039;\u00e9nergie de demain\",\"publisher\":{\"@id\":\"https:\\\/\\\/apalmw.com\\\/#organization\"},\"alternateName\":\"APAL\",\"potentialAction\":[{\"@type\":\"SearchAction\",\"target\":{\"@type\":\"EntryPoint\",\"urlTemplate\":\"https:\\\/\\\/apalmw.com\\\/?s={search_term_string}\"},\"query-input\":{\"@type\":\"PropertyValueSpecification\",\"valueRequired\":true,\"valueName\":\"search_term_string\"}}],\"inLanguage\":\"en-US\"},{\"@type\":\"Organization\",\"@id\":\"https:\\\/\\\/apalmw.com\\\/#organization\",\"name\":\"APAL MW\",\"alternateName\":\"APALMW\",\"url\":\"https:\\\/\\\/apalmw.com\\\/\",\"logo\":{\"@type\":\"ImageObject\",\"inLanguage\":\"en-US\",\"@id\":\"https:\\\/\\\/apalmw.com\\\/#\\\/schema\\\/logo\\\/image\\\/\",\"url\":\"\",\"contentUrl\":\"\",\"caption\":\"APAL MW\"},\"image\":{\"@id\":\"https:\\\/\\\/apalmw.com\\\/#\\\/schema\\\/logo\\\/image\\\/\"},\"sameAs\":[\"https:\\\/\\\/fr.linkedin.com\\\/company\\\/apal-mw\",\"https:\\\/\\\/www.youtube.com\\\/@APALMW\"]},{\"@type\":\"Person\",\"@id\":\"https:\\\/\\\/apalmw.com\\\/#\\\/schema\\\/person\\\/c8ad8831c9e665b93c2d396cb7deaba3\",\"name\":\"apal_mw\",\"image\":{\"@type\":\"ImageObject\",\"inLanguage\":\"en-US\",\"@id\":\"https:\\\/\\\/secure.gravatar.com\\\/avatar\\\/e72f9485464a294f5b3a53988918fd0d57f2abce487c0e34b1b9192e01388adb?s=96&d=mm&r=g\",\"url\":\"https:\\\/\\\/secure.gravatar.com\\\/avatar\\\/e72f9485464a294f5b3a53988918fd0d57f2abce487c0e34b1b9192e01388adb?s=96&d=mm&r=g\",\"contentUrl\":\"https:\\\/\\\/secure.gravatar.com\\\/avatar\\\/e72f9485464a294f5b3a53988918fd0d57f2abce487c0e34b1b9192e01388adb?s=96&d=mm&r=g\",\"caption\":\"apal_mw\"},\"sameAs\":[\"https:\\\/\\\/apalmw.com\",\"https:\\\/\\\/www.facebook.com\\\/profile.php?id=61583036103410\",\"https:\\\/\\\/www.instagram.com\\\/apal_mw\",\"https:\\\/\\\/www.linkedin.com\\\/company\\\/apal-mw\",\"https:\\\/\\\/www.youtube.com\\\/@APALMW\"],\"url\":\"https:\\\/\\\/apalmw.com\\\/en\\\/author\\\/apalmwnicolas\\\/\"}]}<\/script>\n<!-- \/ Yoast SEO plugin. -->","yoast_head_json":{"title":"SPACE 2025 - APAL MW","description":"D\u00e9couvrez le salon SPACE 2025 \u00e0 Rennes, l\u2019\u00e9v\u00e9nement international d\u00e9di\u00e9 \u00e0 l\u2019\u00e9levage et aux innovations agricoles.","robots":{"index":"index","follow":"follow","max-snippet":"max-snippet:-1","max-image-preview":"max-image-preview:large","max-video-preview":"max-video-preview:-1"},"canonical":"https:\/\/apalmw.com\/en\/space-2025\/","og_locale":"en_US","og_type":"article","og_title":"SPACE 2025 - APAL MW","og_description":"D\u00e9couvrez le salon SPACE 2025 \u00e0 Rennes, l\u2019\u00e9v\u00e9nement international d\u00e9di\u00e9 \u00e0 l\u2019\u00e9levage et aux innovations agricoles.","og_url":"https:\/\/apalmw.com\/en\/space-2025\/","og_site_name":"APAL MW","article_author":"https:\/\/www.facebook.com\/profile.php?id=61583036103410","article_published_time":"2025-08-12T13:00:37+00:00","article_modified_time":"2025-08-13T12:37:40+00:00","og_image":[{"width":2560,"height":2560,"url":"https:\/\/apalmw.com\/wp-content\/uploads\/2025\/06\/PhotosBoutique3_4db7787e-a788-4a44-a9e3-3fcead1f1f25-scaled.avif","type":"image\/png"}],"author":"apal_mw","twitter_card":"summary_large_image","twitter_misc":{"Written by":"apal_mw","Est. reading time":"2 minutes"},"schema":{"@context":"https:\/\/schema.org","@graph":[{"@type":"Article","@id":"https:\/\/apalmw.com\/space-2025\/#article","isPartOf":{"@id":"https:\/\/apalmw.com\/space-2025\/"},"author":{"name":"apal_mw","@id":"https:\/\/apalmw.com\/#\/schema\/person\/c8ad8831c9e665b93c2d396cb7deaba3"},"headline":"SPACE 2025","datePublished":"2025-08-12T13:00:37+00:00","dateModified":"2025-08-13T12:37:40+00:00","mainEntityOfPage":{"@id":"https:\/\/apalmw.com\/space-2025\/"},"wordCount":250,"commentCount":0,"publisher":{"@id":"https:\/\/apalmw.com\/#organization"},"image":{"@id":"https:\/\/apalmw.com\/space-2025\/#primaryimage"},"thumbnailUrl":"https:\/\/apalmw.com\/wp-content\/uploads\/2025\/06\/PhotosBoutique3_4db7787e-a788-4a44-a9e3-3fcead1f1f25-scaled.avif","articleSection":["Agrivolta\u00efsme","\u00c9nergie","Ev\u00e8nement"],"inLanguage":"en-US","potentialAction":[{"@type":"CommentAction","name":"Comment","target":["https:\/\/apalmw.com\/space-2025\/#respond"]}]},{"@type":"WebPage","@id":"https:\/\/apalmw.com\/space-2025\/","url":"https:\/\/apalmw.com\/space-2025\/","name":"SPACE 2025 - APAL MW","isPartOf":{"@id":"https:\/\/apalmw.com\/#website"},"primaryImageOfPage":{"@id":"https:\/\/apalmw.com\/space-2025\/#primaryimage"},"image":{"@id":"https:\/\/apalmw.com\/space-2025\/#primaryimage"},"thumbnailUrl":"https:\/\/apalmw.com\/wp-content\/uploads\/2025\/06\/PhotosBoutique3_4db7787e-a788-4a44-a9e3-3fcead1f1f25-scaled.avif","datePublished":"2025-08-12T13:00:37+00:00","dateModified":"2025-08-13T12:37:40+00:00","description":"D\u00e9couvrez le salon SPACE 2025 \u00e0 Rennes, l\u2019\u00e9v\u00e9nement international d\u00e9di\u00e9 \u00e0 l\u2019\u00e9levage et aux innovations agricoles.","breadcrumb":{"@id":"https:\/\/apalmw.com\/space-2025\/#breadcrumb"},"inLanguage":"en-US","potentialAction":[{"@type":"ReadAction","target":["https:\/\/apalmw.com\/space-2025\/"]}]},{"@type":"ImageObject","inLanguage":"en-US","@id":"https:\/\/apalmw.com\/space-2025\/#primaryimage","url":"https:\/\/apalmw.com\/wp-content\/uploads\/2025\/06\/PhotosBoutique3_4db7787e-a788-4a44-a9e3-3fcead1f1f25-scaled.avif","contentUrl":"https:\/\/apalmw.com\/wp-content\/uploads\/2025\/06\/PhotosBoutique3_4db7787e-a788-4a44-a9e3-3fcead1f1f25-scaled.avif","width":2560,"height":2560},{"@type":"BreadcrumbList","@id":"https:\/\/apalmw.com\/space-2025\/#breadcrumb","itemListElement":[{"@type":"ListItem","position":1,"name":"Accueil","item":"https:\/\/apalmw.com\/"},{"@type":"ListItem","position":2,"name":"SPACE 2025"}]},{"@type":"WebSite","@id":"https:\/\/apalmw.com\/#website","url":"https:\/\/apalmw.com\/","name":"APAL MW","description":"Ensemble vers l&#039;\u00e9nergie de demain","publisher":{"@id":"https:\/\/apalmw.com\/#organization"},"alternateName":"APAL","potentialAction":[{"@type":"SearchAction","target":{"@type":"EntryPoint","urlTemplate":"https:\/\/apalmw.com\/?s={search_term_string}"},"query-input":{"@type":"PropertyValueSpecification","valueRequired":true,"valueName":"search_term_string"}}],"inLanguage":"en-US"},{"@type":"Organization","@id":"https:\/\/apalmw.com\/#organization","name":"APAL MW","alternateName":"APALMW","url":"https:\/\/apalmw.com\/","logo":{"@type":"ImageObject","inLanguage":"en-US","@id":"https:\/\/apalmw.com\/#\/schema\/logo\/image\/","url":"","contentUrl":"","caption":"APAL MW"},"image":{"@id":"https:\/\/apalmw.com\/#\/schema\/logo\/image\/"},"sameAs":["https:\/\/fr.linkedin.com\/company\/apal-mw","https:\/\/www.youtube.com\/@APALMW"]},{"@type":"Person","@id":"https:\/\/apalmw.com\/#\/schema\/person\/c8ad8831c9e665b93c2d396cb7deaba3","name":"apal_mw","image":{"@type":"ImageObject","inLanguage":"en-US","@id":"https:\/\/secure.gravatar.com\/avatar\/e72f9485464a294f5b3a53988918fd0d57f2abce487c0e34b1b9192e01388adb?s=96&d=mm&r=g","url":"https:\/\/secure.gravatar.com\/avatar\/e72f9485464a294f5b3a53988918fd0d57f2abce487c0e34b1b9192e01388adb?s=96&d=mm&r=g","contentUrl":"https:\/\/secure.gravatar.com\/avatar\/e72f9485464a294f5b3a53988918fd0d57f2abce487c0e34b1b9192e01388adb?s=96&d=mm&r=g","caption":"apal_mw"},"sameAs":["https:\/\/apalmw.com","https:\/\/www.facebook.com\/profile.php?id=61583036103410","https:\/\/www.instagram.com\/apal_mw","https:\/\/www.linkedin.com\/company\/apal-mw","https:\/\/www.youtube.com\/@APALMW"],"url":"https:\/\/apalmw.com\/en\/author\/apalmwnicolas\/"}]}},"_links":{"self":[{"href":"https:\/\/apalmw.com\/en\/wp-json\/wp\/v2\/posts\/8676","targetHints":{"allow":["GET"]}}],"collection":[{"href":"https:\/\/apalmw.com\/en\/wp-json\/wp\/v2\/posts"}],"about":[{"href":"https:\/\/apalmw.com\/en\/wp-json\/wp\/v2\/types\/post"}],"author":[{"embeddable":true,"href":"https:\/\/apalmw.com\/en\/wp-json\/wp\/v2\/users\/1"}],"replies":[{"embeddable":true,"href":"https:\/\/apalmw.com\/en\/wp-json\/wp\/v2\/comments?post=8676"}],"version-history":[{"count":5,"href":"https:\/\/apalmw.com\/en\/wp-json\/wp\/v2\/posts\/8676\/revisions"}],"predecessor-version":[{"id":8825,"href":"https:\/\/apalmw.com\/en\/wp-json\/wp\/v2\/posts\/8676\/revisions\/8825"}],"wp:featuredmedia":[{"embeddable":true,"href":"https:\/\/apalmw.com\/en\/wp-json\/wp\/v2\/media\/8817"}],"wp:attachment":[{"href":"https:\/\/apalmw.com\/en\/wp-json\/wp\/v2\/media?parent=8676"}],"wp:term":[{"taxonomy":"category","embeddable":true,"href":"https:\/\/apalmw.com\/en\/wp-json\/wp\/v2\/categories?post=8676"},{"taxonomy":"post_tag","embeddable":true,"href":"https:\/\/apalmw.com\/en\/wp-json\/wp\/v2\/tags?post=8676"}],"curies":[{"name":"wp","href":"https:\/\/api.w.org\/{rel}","templated":true}]}}