{"id":8658,"date":"2025-06-26T09:57:05","date_gmt":"2025-06-26T08:57:05","guid":{"rendered":"https:\/\/apalmw.com\/?p=8658"},"modified":"2025-06-26T10:19:00","modified_gmt":"2025-06-26T09:19:00","slug":"panorama-de-l-ectricite-renouvelable-2024","status":"publish","type":"post","link":"https:\/\/apalmw.com\/en\/panorama-de-l-ectricite-renouvelable-2024\/","title":{"rendered":"Panorama de l\u2019\u00e9lectricit\u00e9 renouvelable 2024 : une ann\u00e9e de consolidation et de transition."},"content":{"rendered":"<div data-elementor-type=\"wp-post\" data-elementor-id=\"8658\" class=\"elementor elementor-8658\" data-elementor-post-type=\"post\">\n\t\t\t\t        <section class=\"elementor-section elementor-top-section elementor-element elementor-element-b99b2d0 elementor-section-boxed elementor-section-height-default elementor-section-height-default cms-boxed-bg-false\" data-id=\"b99b2d0\" data-element_type=\"section\" data-e-type=\"section\">\r\n\t\t\r\n\t\t<div class=\"cms-section-boxed-bg\"><\/div>        <div class=\"elementor-container elementor-column-gap-default\" >\r\n\t\t        <div class=\"elementor-column elementor-col-100 elementor-top-column elementor-element elementor-element-afb6ad4\" data-id=\"afb6ad4\" data-element_type=\"column\" data-e-type=\"column\">\r\n            <div class=\"elementor-widget-wrap elementor-element-populated\">\r\n                \t\t<div class=\"elementor-element elementor-element-456d1d1 elementor-widget elementor-widget-heading\" data-id=\"456d1d1\" data-element_type=\"widget\" data-e-type=\"widget\" data-widget_type=\"heading.default\">\n\t\t\t\t<div class=\"elementor-widget-container\">\n\t\t\t\t\t<h2 class=\"elementor-heading-title elementor-size-default\">Panorama de l\u2019\u00e9lectricit\u00e9 renouvelable 2024<\/h2>\t\t\t\t<\/div>\n\t\t\t\t<\/div>\n\t\t\t\t<div class=\"elementor-element elementor-element-80d1326 elementor-widget elementor-widget-text-editor\" data-id=\"80d1326\" data-element_type=\"widget\" data-e-type=\"widget\" data-widget_type=\"text-editor.default\">\n\t\t\t\t<div class=\"elementor-widget-container\">\n\t\t\t\t\t\t\t\t\t<p><strong>Publi\u00e9 en juin 2025<\/strong>, le Panorama de l\u2019\u00e9lectricit\u00e9 renouvelable 2024 dresse un \u00e9tat des lieux complet de la production d\u2019\u00e9lectricit\u00e9 verte en France. Ce rapport, \u00e9labor\u00e9 par RTE en collaboration avec les acteurs du secteur, met en lumi\u00e8re les dynamiques de croissance, les d\u00e9fis techniques et les perspectives d\u2019avenir pour un mix \u00e9nerg\u00e9tique plus durable.<\/p><h3>Une part record des renouvelables dans le mix \u00e9lectrique<\/h3><p>En 2024, les \u00e9nergies renouvelables ont couvert\u00a0<strong>plus de 33 % de la consommation \u00e9lectrique fran\u00e7aise<\/strong>, un chiffre en progression par rapport \u00e0 2023. Hausse qui s\u2019explique par :<\/p><ul><li>Une\u00a0<strong>augmentation significative de la production \u00e9olienne<\/strong>, notamment gr\u00e2ce \u00e0 la mise en service de nouveaux parcs terrestres et offshore.<\/li><li>Une\u00a0<strong>croissance continue du solaire photovolta\u00efque<\/strong>, port\u00e9e par l\u2019autoconsommation et les grandes centrales au sol.<\/li><li>Une\u00a0<strong>hydraulicit\u00e9 favorable<\/strong>, apr\u00e8s une ann\u00e9e 2023 marqu\u00e9e par des s\u00e9cheresses.<\/li><\/ul><h3>R\u00e9partition par fili\u00e8re<\/h3><p>Voici la r\u00e9partition de la production renouvelable en 2024 :<\/p><ul><li><strong>Hydraulique<\/strong>\u00a0: 47 % de la production renouvelable<\/li><li><strong>\u00c9olien<\/strong>\u00a0: 32 %<\/li><li><strong>Solaire<\/strong>\u00a0: 18 %<\/li><li><strong>Bio\u00e9nergies<\/strong>\u00a0(biogaz, biomasse, d\u00e9chets) : 3 %<\/li><\/ul><h3>D\u00e9veloppement des capacit\u00e9s install\u00e9es<\/h3><p>Le parc renouvelable a franchi un nouveau cap avec\u00a0<strong>plus de 72 GW de capacit\u00e9s install\u00e9es<\/strong>, r\u00e9parties comme suit :<\/p><ul><li>\u00c9olien : 24,5 GW<\/li><li>Solaire : 22,8 GW<\/li><li>Hydraulique : 25,1 GW<\/li><li>Bio\u00e9nergies : 2 GW<\/li><\/ul><h3>Int\u00e9gration au r\u00e9seau et flexibilit\u00e9<\/h3><p>L\u2019int\u00e9gration croissante des \u00e9nergies renouvelables intermittentes a n\u00e9cessit\u00e9 des efforts accrus en mati\u00e8re de\u00a0<strong>flexibilit\u00e9 du syst\u00e8me \u00e9lectrique<\/strong>. RTE souligne l\u2019importance :<\/p><ul><li>Du\u00a0<strong>d\u00e9veloppement du stockage<\/strong>\u00a0(batteries, stations de transfert d\u2019\u00e9nergie par pompage),<\/li><li>De la\u00a0<strong>gestion intelligente de la demande<\/strong>,<\/li><li>Et de la\u00a0<strong>modernisation du r\u00e9seau<\/strong>\u00a0pour absorber les pics de production.<\/li><\/ul><h3>Perspectives et enjeux<\/h3><p>Le rapport met en perspective les objectifs de la\u00a0<strong>Programmation Pluriannuelle de l\u2019\u00c9nergie (PPE)<\/strong>\u00a0et du\u00a0<strong>Plan National Int\u00e9gr\u00e9 \u00c9nergie-Climat (PNIEC)<\/strong>. Pour atteindre les cibles de 2030, la France devra :<\/p><ul><li>Doubler ses capacit\u00e9s solaires,<\/li><li>Acc\u00e9l\u00e9rer le d\u00e9ploiement de l\u2019\u00e9olien offshore,<\/li><li>Renforcer l\u2019acceptabilit\u00e9 locale des projets.<\/li><\/ul><p>Le document complet est <a href=\"https:\/\/apalmw.com\/wp-content\/uploads\/2025\/06\/2025-06-02-panorama-enr-2024.pdf\">disponible ici<\/a><\/p><p>\u00a0<\/p><hr \/><div class=\"___frx9oy0 f14t3ns0\" data-stable-ignore=\"true\" data-testid=\"CitationPillContainerTestId\">Source : RTE<\/div>\t\t\t\t\t\t\t\t<\/div>\n\t\t\t\t<\/div>\n\t\t\t\t<div class=\"elementor-element elementor-element-e8514e9 elementor-align-right elementor-widget elementor-widget-button\" data-id=\"e8514e9\" data-element_type=\"widget\" data-e-type=\"widget\" data-widget_type=\"button.default\">\n\t\t\t\t<div class=\"elementor-widget-container\">\n\t\t\t\t\t\t\t\t\t<div class=\"elementor-button-wrapper\">\n\t\t\t\t\t<a class=\"elementor-button elementor-button-link elementor-size-sm\" href=\"https:\/\/www.rte-france.com\/analyses-tendances-et-prospectives\/le-panorama-de-lelectricite-renouvelable#Lespanoramas\">\n\t\t\t\t\t\t<span class=\"elementor-button-content-wrapper\">\n\t\t\t\t\t\t\t\t\t<span class=\"elementor-button-text\">En savoir plus<\/span>\n\t\t\t\t\t<\/span>\n\t\t\t\t\t<\/a>\n\t\t\t\t<\/div>\n\t\t\t\t\t\t\t\t<\/div>\n\t\t\t\t<\/div>\n\t\t            <\/div>\r\n        <\/div>\r\n        \t\t\t<\/div>\r\n\t\t<\/section>\r\n\t\t\t\t<\/div>","protected":false},"excerpt":{"rendered":"<p>Panorama de l\u2019\u00e9lectricit\u00e9 renouvelable 2024 Publi\u00e9 en juin 2025, le Panorama de l\u2019\u00e9lectricit\u00e9 renouvelable 2024 dresse un \u00e9tat des lieux complet de la production d\u2019\u00e9lectricit\u00e9 verte en France. Ce rapport, \u00e9labor\u00e9 par RTE en collaboration avec les acteurs du secteur, met en lumi\u00e8re les dynamiques de croissance, les d\u00e9fis techniques et les perspectives d\u2019avenir pour [&hellip;]<\/p>\n","protected":false},"author":1,"featured_media":8662,"comment_status":"open","ping_status":"open","sticky":false,"template":"","format":"standard","meta":{"_coblocks_attr":"","_coblocks_dimensions":"","_coblocks_responsive_height":"","_coblocks_accordion_ie_support":"","footnotes":""},"categories":[2],"tags":[],"class_list":["post-8658","post","type-post","status-publish","format-standard","has-post-thumbnail","hentry","category-energie","cms-has-post-thumbnail"],"yoast_head":"<!-- This site is optimized with the Yoast SEO plugin v27.5 - https:\/\/yoast.com\/product\/yoast-seo-wordpress\/ -->\n<title>Panorama de l&#039;\u00e9lectricit\u00e9 renouvelable 2024 - APAL MW<\/title>\n<meta name=\"description\" content=\"Panorama de l\u2019\u00e9lectricit\u00e9 renouvelable 2024 : une ann\u00e9e de consolidation et de transition. En route vers une \u00e9nergie plus verte.\" \/>\n<meta name=\"robots\" content=\"index, follow, max-snippet:-1, max-image-preview:large, max-video-preview:-1\" \/>\n<link rel=\"canonical\" href=\"https:\/\/apalmw.com\/en\/panorama-de-l-ectricite-renouvelable-2024\/\" \/>\n<meta property=\"og:locale\" content=\"en_US\" \/>\n<meta property=\"og:type\" content=\"article\" \/>\n<meta property=\"og:title\" content=\"Panorama de l&#039;\u00e9lectricit\u00e9 renouvelable 2024 - APAL MW\" \/>\n<meta property=\"og:description\" content=\"Panorama de l\u2019\u00e9lectricit\u00e9 renouvelable 2024 : une ann\u00e9e de consolidation et de transition. En route vers une \u00e9nergie plus verte.\" \/>\n<meta property=\"og:url\" content=\"https:\/\/apalmw.com\/en\/panorama-de-l-ectricite-renouvelable-2024\/\" \/>\n<meta property=\"og:site_name\" content=\"APAL MW\" \/>\n<meta property=\"article:author\" content=\"https:\/\/www.facebook.com\/profile.php?id=61583036103410\" \/>\n<meta property=\"article:published_time\" content=\"2025-06-26T08:57:05+00:00\" \/>\n<meta property=\"article:modified_time\" content=\"2025-06-26T09:19:00+00:00\" \/>\n<meta property=\"og:image\" content=\"https:\/\/apalmw.com\/wp-content\/uploads\/2025\/06\/panoramas-de-lelectricite-renouvelable-2024.avif\" \/>\n\t<meta property=\"og:image:width\" content=\"702\" \/>\n\t<meta property=\"og:image:height\" content=\"693\" \/>\n\t<meta property=\"og:image:type\" content=\"image\/png\" \/>\n<meta name=\"author\" content=\"apal_mw\" \/>\n<meta name=\"twitter:card\" content=\"summary_large_image\" \/>\n<meta name=\"twitter:label1\" content=\"Written by\" \/>\n\t<meta name=\"twitter:data1\" content=\"apal_mw\" \/>\n\t<meta name=\"twitter:label2\" content=\"Est. reading time\" \/>\n\t<meta name=\"twitter:data2\" content=\"2 minutes\" \/>\n<script type=\"application\/ld+json\" class=\"yoast-schema-graph\">{\"@context\":\"https:\\\/\\\/schema.org\",\"@graph\":[{\"@type\":\"Article\",\"@id\":\"https:\\\/\\\/apalmw.com\\\/panorama-de-l-ectricite-renouvelable-2024\\\/#article\",\"isPartOf\":{\"@id\":\"https:\\\/\\\/apalmw.com\\\/panorama-de-l-ectricite-renouvelable-2024\\\/\"},\"author\":{\"name\":\"apal_mw\",\"@id\":\"https:\\\/\\\/apalmw.com\\\/#\\\/schema\\\/person\\\/c8ad8831c9e665b93c2d396cb7deaba3\"},\"headline\":\"Panorama de l\u2019\u00e9lectricit\u00e9 renouvelable 2024 : une ann\u00e9e de consolidation et de transition.\",\"datePublished\":\"2025-06-26T08:57:05+00:00\",\"dateModified\":\"2025-06-26T09:19:00+00:00\",\"mainEntityOfPage\":{\"@id\":\"https:\\\/\\\/apalmw.com\\\/panorama-de-l-ectricite-renouvelable-2024\\\/\"},\"wordCount\":360,\"commentCount\":0,\"publisher\":{\"@id\":\"https:\\\/\\\/apalmw.com\\\/#organization\"},\"image\":{\"@id\":\"https:\\\/\\\/apalmw.com\\\/panorama-de-l-ectricite-renouvelable-2024\\\/#primaryimage\"},\"thumbnailUrl\":\"https:\\\/\\\/apalmw.com\\\/wp-content\\\/uploads\\\/2025\\\/06\\\/panoramas-de-lelectricite-renouvelable-2024.avif\",\"articleSection\":[\"\u00c9nergie\"],\"inLanguage\":\"en-US\",\"potentialAction\":[{\"@type\":\"CommentAction\",\"name\":\"Comment\",\"target\":[\"https:\\\/\\\/apalmw.com\\\/panorama-de-l-ectricite-renouvelable-2024\\\/#respond\"]}]},{\"@type\":\"WebPage\",\"@id\":\"https:\\\/\\\/apalmw.com\\\/panorama-de-l-ectricite-renouvelable-2024\\\/\",\"url\":\"https:\\\/\\\/apalmw.com\\\/panorama-de-l-ectricite-renouvelable-2024\\\/\",\"name\":\"Panorama de l'\u00e9lectricit\u00e9 renouvelable 2024 - APAL MW\",\"isPartOf\":{\"@id\":\"https:\\\/\\\/apalmw.com\\\/#website\"},\"primaryImageOfPage\":{\"@id\":\"https:\\\/\\\/apalmw.com\\\/panorama-de-l-ectricite-renouvelable-2024\\\/#primaryimage\"},\"image\":{\"@id\":\"https:\\\/\\\/apalmw.com\\\/panorama-de-l-ectricite-renouvelable-2024\\\/#primaryimage\"},\"thumbnailUrl\":\"https:\\\/\\\/apalmw.com\\\/wp-content\\\/uploads\\\/2025\\\/06\\\/panoramas-de-lelectricite-renouvelable-2024.avif\",\"datePublished\":\"2025-06-26T08:57:05+00:00\",\"dateModified\":\"2025-06-26T09:19:00+00:00\",\"description\":\"Panorama de l\u2019\u00e9lectricit\u00e9 renouvelable 2024 : une ann\u00e9e de consolidation et de transition. En route vers une \u00e9nergie plus verte.\",\"breadcrumb\":{\"@id\":\"https:\\\/\\\/apalmw.com\\\/panorama-de-l-ectricite-renouvelable-2024\\\/#breadcrumb\"},\"inLanguage\":\"en-US\",\"potentialAction\":[{\"@type\":\"ReadAction\",\"target\":[\"https:\\\/\\\/apalmw.com\\\/panorama-de-l-ectricite-renouvelable-2024\\\/\"]}]},{\"@type\":\"ImageObject\",\"inLanguage\":\"en-US\",\"@id\":\"https:\\\/\\\/apalmw.com\\\/panorama-de-l-ectricite-renouvelable-2024\\\/#primaryimage\",\"url\":\"https:\\\/\\\/apalmw.com\\\/wp-content\\\/uploads\\\/2025\\\/06\\\/panoramas-de-lelectricite-renouvelable-2024.avif\",\"contentUrl\":\"https:\\\/\\\/apalmw.com\\\/wp-content\\\/uploads\\\/2025\\\/06\\\/panoramas-de-lelectricite-renouvelable-2024.avif\",\"width\":702,\"height\":693,\"caption\":\"panoramas de l\u2019\u00e9lectricit\u00e9 renouvelable 2024\"},{\"@type\":\"BreadcrumbList\",\"@id\":\"https:\\\/\\\/apalmw.com\\\/panorama-de-l-ectricite-renouvelable-2024\\\/#breadcrumb\",\"itemListElement\":[{\"@type\":\"ListItem\",\"position\":1,\"name\":\"Accueil\",\"item\":\"https:\\\/\\\/apalmw.com\\\/\"},{\"@type\":\"ListItem\",\"position\":2,\"name\":\"Panorama de l\u2019\u00e9lectricit\u00e9 renouvelable 2024 : une ann\u00e9e de consolidation et de transition.\"}]},{\"@type\":\"WebSite\",\"@id\":\"https:\\\/\\\/apalmw.com\\\/#website\",\"url\":\"https:\\\/\\\/apalmw.com\\\/\",\"name\":\"APAL MW\",\"description\":\"Ensemble vers l&#039;\u00e9nergie de demain\",\"publisher\":{\"@id\":\"https:\\\/\\\/apalmw.com\\\/#organization\"},\"alternateName\":\"APAL\",\"potentialAction\":[{\"@type\":\"SearchAction\",\"target\":{\"@type\":\"EntryPoint\",\"urlTemplate\":\"https:\\\/\\\/apalmw.com\\\/?s={search_term_string}\"},\"query-input\":{\"@type\":\"PropertyValueSpecification\",\"valueRequired\":true,\"valueName\":\"search_term_string\"}}],\"inLanguage\":\"en-US\"},{\"@type\":\"Organization\",\"@id\":\"https:\\\/\\\/apalmw.com\\\/#organization\",\"name\":\"APAL MW\",\"alternateName\":\"APALMW\",\"url\":\"https:\\\/\\\/apalmw.com\\\/\",\"logo\":{\"@type\":\"ImageObject\",\"inLanguage\":\"en-US\",\"@id\":\"https:\\\/\\\/apalmw.com\\\/#\\\/schema\\\/logo\\\/image\\\/\",\"url\":\"\",\"contentUrl\":\"\",\"caption\":\"APAL MW\"},\"image\":{\"@id\":\"https:\\\/\\\/apalmw.com\\\/#\\\/schema\\\/logo\\\/image\\\/\"},\"sameAs\":[\"https:\\\/\\\/fr.linkedin.com\\\/company\\\/apal-mw\",\"https:\\\/\\\/www.youtube.com\\\/@APALMW\"]},{\"@type\":\"Person\",\"@id\":\"https:\\\/\\\/apalmw.com\\\/#\\\/schema\\\/person\\\/c8ad8831c9e665b93c2d396cb7deaba3\",\"name\":\"apal_mw\",\"image\":{\"@type\":\"ImageObject\",\"inLanguage\":\"en-US\",\"@id\":\"https:\\\/\\\/secure.gravatar.com\\\/avatar\\\/e72f9485464a294f5b3a53988918fd0d57f2abce487c0e34b1b9192e01388adb?s=96&d=mm&r=g\",\"url\":\"https:\\\/\\\/secure.gravatar.com\\\/avatar\\\/e72f9485464a294f5b3a53988918fd0d57f2abce487c0e34b1b9192e01388adb?s=96&d=mm&r=g\",\"contentUrl\":\"https:\\\/\\\/secure.gravatar.com\\\/avatar\\\/e72f9485464a294f5b3a53988918fd0d57f2abce487c0e34b1b9192e01388adb?s=96&d=mm&r=g\",\"caption\":\"apal_mw\"},\"sameAs\":[\"https:\\\/\\\/apalmw.com\",\"https:\\\/\\\/www.facebook.com\\\/profile.php?id=61583036103410\",\"https:\\\/\\\/www.instagram.com\\\/apal_mw\",\"https:\\\/\\\/www.linkedin.com\\\/company\\\/apal-mw\",\"https:\\\/\\\/www.youtube.com\\\/@APALMW\"],\"url\":\"https:\\\/\\\/apalmw.com\\\/en\\\/author\\\/apalmwnicolas\\\/\"}]}<\/script>\n<!-- \/ Yoast SEO plugin. -->","yoast_head_json":{"title":"Panorama de l'\u00e9lectricit\u00e9 renouvelable 2024 - APAL MW","description":"Panorama de l\u2019\u00e9lectricit\u00e9 renouvelable 2024 : une ann\u00e9e de consolidation et de transition. En route vers une \u00e9nergie plus verte.","robots":{"index":"index","follow":"follow","max-snippet":"max-snippet:-1","max-image-preview":"max-image-preview:large","max-video-preview":"max-video-preview:-1"},"canonical":"https:\/\/apalmw.com\/en\/panorama-de-l-ectricite-renouvelable-2024\/","og_locale":"en_US","og_type":"article","og_title":"Panorama de l'\u00e9lectricit\u00e9 renouvelable 2024 - APAL MW","og_description":"Panorama de l\u2019\u00e9lectricit\u00e9 renouvelable 2024 : une ann\u00e9e de consolidation et de transition. En route vers une \u00e9nergie plus verte.","og_url":"https:\/\/apalmw.com\/en\/panorama-de-l-ectricite-renouvelable-2024\/","og_site_name":"APAL MW","article_author":"https:\/\/www.facebook.com\/profile.php?id=61583036103410","article_published_time":"2025-06-26T08:57:05+00:00","article_modified_time":"2025-06-26T09:19:00+00:00","og_image":[{"width":702,"height":693,"url":"https:\/\/apalmw.com\/wp-content\/uploads\/2025\/06\/panoramas-de-lelectricite-renouvelable-2024.avif","type":"image\/png"}],"author":"apal_mw","twitter_card":"summary_large_image","twitter_misc":{"Written by":"apal_mw","Est. reading time":"2 minutes"},"schema":{"@context":"https:\/\/schema.org","@graph":[{"@type":"Article","@id":"https:\/\/apalmw.com\/panorama-de-l-ectricite-renouvelable-2024\/#article","isPartOf":{"@id":"https:\/\/apalmw.com\/panorama-de-l-ectricite-renouvelable-2024\/"},"author":{"name":"apal_mw","@id":"https:\/\/apalmw.com\/#\/schema\/person\/c8ad8831c9e665b93c2d396cb7deaba3"},"headline":"Panorama de l\u2019\u00e9lectricit\u00e9 renouvelable 2024 : une ann\u00e9e de consolidation et de transition.","datePublished":"2025-06-26T08:57:05+00:00","dateModified":"2025-06-26T09:19:00+00:00","mainEntityOfPage":{"@id":"https:\/\/apalmw.com\/panorama-de-l-ectricite-renouvelable-2024\/"},"wordCount":360,"commentCount":0,"publisher":{"@id":"https:\/\/apalmw.com\/#organization"},"image":{"@id":"https:\/\/apalmw.com\/panorama-de-l-ectricite-renouvelable-2024\/#primaryimage"},"thumbnailUrl":"https:\/\/apalmw.com\/wp-content\/uploads\/2025\/06\/panoramas-de-lelectricite-renouvelable-2024.avif","articleSection":["\u00c9nergie"],"inLanguage":"en-US","potentialAction":[{"@type":"CommentAction","name":"Comment","target":["https:\/\/apalmw.com\/panorama-de-l-ectricite-renouvelable-2024\/#respond"]}]},{"@type":"WebPage","@id":"https:\/\/apalmw.com\/panorama-de-l-ectricite-renouvelable-2024\/","url":"https:\/\/apalmw.com\/panorama-de-l-ectricite-renouvelable-2024\/","name":"Panorama de l'\u00e9lectricit\u00e9 renouvelable 2024 - APAL MW","isPartOf":{"@id":"https:\/\/apalmw.com\/#website"},"primaryImageOfPage":{"@id":"https:\/\/apalmw.com\/panorama-de-l-ectricite-renouvelable-2024\/#primaryimage"},"image":{"@id":"https:\/\/apalmw.com\/panorama-de-l-ectricite-renouvelable-2024\/#primaryimage"},"thumbnailUrl":"https:\/\/apalmw.com\/wp-content\/uploads\/2025\/06\/panoramas-de-lelectricite-renouvelable-2024.avif","datePublished":"2025-06-26T08:57:05+00:00","dateModified":"2025-06-26T09:19:00+00:00","description":"Panorama de l\u2019\u00e9lectricit\u00e9 renouvelable 2024 : une ann\u00e9e de consolidation et de transition. En route vers une \u00e9nergie plus verte.","breadcrumb":{"@id":"https:\/\/apalmw.com\/panorama-de-l-ectricite-renouvelable-2024\/#breadcrumb"},"inLanguage":"en-US","potentialAction":[{"@type":"ReadAction","target":["https:\/\/apalmw.com\/panorama-de-l-ectricite-renouvelable-2024\/"]}]},{"@type":"ImageObject","inLanguage":"en-US","@id":"https:\/\/apalmw.com\/panorama-de-l-ectricite-renouvelable-2024\/#primaryimage","url":"https:\/\/apalmw.com\/wp-content\/uploads\/2025\/06\/panoramas-de-lelectricite-renouvelable-2024.avif","contentUrl":"https:\/\/apalmw.com\/wp-content\/uploads\/2025\/06\/panoramas-de-lelectricite-renouvelable-2024.avif","width":702,"height":693,"caption":"panoramas de l\u2019\u00e9lectricit\u00e9 renouvelable 2024"},{"@type":"BreadcrumbList","@id":"https:\/\/apalmw.com\/panorama-de-l-ectricite-renouvelable-2024\/#breadcrumb","itemListElement":[{"@type":"ListItem","position":1,"name":"Accueil","item":"https:\/\/apalmw.com\/"},{"@type":"ListItem","position":2,"name":"Panorama de l\u2019\u00e9lectricit\u00e9 renouvelable 2024 : une ann\u00e9e de consolidation et de transition."}]},{"@type":"WebSite","@id":"https:\/\/apalmw.com\/#website","url":"https:\/\/apalmw.com\/","name":"APAL MW","description":"Ensemble vers l&#039;\u00e9nergie de demain","publisher":{"@id":"https:\/\/apalmw.com\/#organization"},"alternateName":"APAL","potentialAction":[{"@type":"SearchAction","target":{"@type":"EntryPoint","urlTemplate":"https:\/\/apalmw.com\/?s={search_term_string}"},"query-input":{"@type":"PropertyValueSpecification","valueRequired":true,"valueName":"search_term_string"}}],"inLanguage":"en-US"},{"@type":"Organization","@id":"https:\/\/apalmw.com\/#organization","name":"APAL MW","alternateName":"APALMW","url":"https:\/\/apalmw.com\/","logo":{"@type":"ImageObject","inLanguage":"en-US","@id":"https:\/\/apalmw.com\/#\/schema\/logo\/image\/","url":"","contentUrl":"","caption":"APAL MW"},"image":{"@id":"https:\/\/apalmw.com\/#\/schema\/logo\/image\/"},"sameAs":["https:\/\/fr.linkedin.com\/company\/apal-mw","https:\/\/www.youtube.com\/@APALMW"]},{"@type":"Person","@id":"https:\/\/apalmw.com\/#\/schema\/person\/c8ad8831c9e665b93c2d396cb7deaba3","name":"apal_mw","image":{"@type":"ImageObject","inLanguage":"en-US","@id":"https:\/\/secure.gravatar.com\/avatar\/e72f9485464a294f5b3a53988918fd0d57f2abce487c0e34b1b9192e01388adb?s=96&d=mm&r=g","url":"https:\/\/secure.gravatar.com\/avatar\/e72f9485464a294f5b3a53988918fd0d57f2abce487c0e34b1b9192e01388adb?s=96&d=mm&r=g","contentUrl":"https:\/\/secure.gravatar.com\/avatar\/e72f9485464a294f5b3a53988918fd0d57f2abce487c0e34b1b9192e01388adb?s=96&d=mm&r=g","caption":"apal_mw"},"sameAs":["https:\/\/apalmw.com","https:\/\/www.facebook.com\/profile.php?id=61583036103410","https:\/\/www.instagram.com\/apal_mw","https:\/\/www.linkedin.com\/company\/apal-mw","https:\/\/www.youtube.com\/@APALMW"],"url":"https:\/\/apalmw.com\/en\/author\/apalmwnicolas\/"}]}},"_links":{"self":[{"href":"https:\/\/apalmw.com\/en\/wp-json\/wp\/v2\/posts\/8658","targetHints":{"allow":["GET"]}}],"collection":[{"href":"https:\/\/apalmw.com\/en\/wp-json\/wp\/v2\/posts"}],"about":[{"href":"https:\/\/apalmw.com\/en\/wp-json\/wp\/v2\/types\/post"}],"author":[{"embeddable":true,"href":"https:\/\/apalmw.com\/en\/wp-json\/wp\/v2\/users\/1"}],"replies":[{"embeddable":true,"href":"https:\/\/apalmw.com\/en\/wp-json\/wp\/v2\/comments?post=8658"}],"version-history":[{"count":5,"href":"https:\/\/apalmw.com\/en\/wp-json\/wp\/v2\/posts\/8658\/revisions"}],"predecessor-version":[{"id":8675,"href":"https:\/\/apalmw.com\/en\/wp-json\/wp\/v2\/posts\/8658\/revisions\/8675"}],"wp:featuredmedia":[{"embeddable":true,"href":"https:\/\/apalmw.com\/en\/wp-json\/wp\/v2\/media\/8662"}],"wp:attachment":[{"href":"https:\/\/apalmw.com\/en\/wp-json\/wp\/v2\/media?parent=8658"}],"wp:term":[{"taxonomy":"category","embeddable":true,"href":"https:\/\/apalmw.com\/en\/wp-json\/wp\/v2\/categories?post=8658"},{"taxonomy":"post_tag","embeddable":true,"href":"https:\/\/apalmw.com\/en\/wp-json\/wp\/v2\/tags?post=8658"}],"curies":[{"name":"wp","href":"https:\/\/api.w.org\/{rel}","templated":true}]}}