{"id":8158,"date":"2025-04-28T15:45:17","date_gmt":"2025-04-28T14:45:17","guid":{"rendered":"https:\/\/apalmw.com\/?p=8158"},"modified":"2025-06-04T09:13:52","modified_gmt":"2025-06-04T08:13:52","slug":"record-14-gw-raccordes-au-1er-trimestre","status":"publish","type":"post","link":"https:\/\/apalmw.com\/en\/record-14-gw-raccordes-au-1er-trimestre\/","title":{"rendered":"Record: 1,4 GW raccord\u00e9s au 1er trimestre !"},"content":{"rendered":"<div data-elementor-type=\"wp-post\" data-elementor-id=\"8158\" class=\"elementor elementor-8158\" data-elementor-post-type=\"post\">\n\t\t\t\t        <section class=\"elementor-section elementor-top-section elementor-element elementor-element-d5c0069 elementor-section-boxed elementor-section-height-default elementor-section-height-default cms-boxed-bg-false\" data-id=\"d5c0069\" data-element_type=\"section\" data-e-type=\"section\">\r\n\t\t\r\n\t\t<div class=\"cms-section-boxed-bg\"><\/div>        <div class=\"elementor-container elementor-column-gap-default\" >\r\n\t\t        <div class=\"elementor-column elementor-col-100 elementor-top-column elementor-element elementor-element-d155222\" data-id=\"d155222\" data-element_type=\"column\" data-e-type=\"column\">\r\n            <div class=\"elementor-widget-wrap elementor-element-populated\">\r\n                \t\t<div class=\"elementor-element elementor-element-4a1a1c9 elementor-widget elementor-widget-image\" data-id=\"4a1a1c9\" data-element_type=\"widget\" data-e-type=\"widget\" data-widget_type=\"image.default\">\n\t\t\t\t<div class=\"elementor-widget-container\">\n\t\t\t\t\t\t\t\t\t\t\t\t\t\t\t<img fetchpriority=\"high\" decoding=\"async\" width=\"770\" height=\"370\" src=\"https:\/\/apalmw.com\/wp-content\/uploads\/2025\/05\/photovoltaic-4525178_1920-770x370.avif\" class=\"attachment-medium_large size-medium_large wp-image-8162 not-transparent\" alt=\"\" data-has-transparency=\"false\" data-dominant-color=\"5c6a4f\" style=\"--dominant-color: #5c6a4f\" \/>\t\t\t\t\t\t\t\t\t\t\t\t\t\t\t<\/div>\n\t\t\t\t<\/div>\n\t\t            <\/div>\r\n        <\/div>\r\n        \t\t\t<\/div>\r\n\t\t<\/section>\r\n\t\t        <section class=\"elementor-section elementor-top-section elementor-element elementor-element-329de5d elementor-section-boxed elementor-section-height-default elementor-section-height-default cms-boxed-bg-false\" data-id=\"329de5d\" data-element_type=\"section\" data-e-type=\"section\">\r\n\t\t\r\n\t\t<div class=\"cms-section-boxed-bg\"><\/div>        <div class=\"elementor-container elementor-column-gap-default\" >\r\n\t\t        <div class=\"elementor-column elementor-col-100 elementor-top-column elementor-element elementor-element-2df4624\" data-id=\"2df4624\" data-element_type=\"column\" data-e-type=\"column\">\r\n            <div class=\"elementor-widget-wrap elementor-element-populated\">\r\n                \t\t<div class=\"elementor-element elementor-element-8f36907 elementor-widget elementor-widget-heading\" data-id=\"8f36907\" data-element_type=\"widget\" data-e-type=\"widget\" data-widget_type=\"heading.default\">\n\t\t\t\t<div class=\"elementor-widget-container\">\n\t\t\t\t\t<h2 class=\"elementor-heading-title elementor-size-default\">Record solaire en France : 1,4 GW raccord\u00e9s au 1er trimestre 2025<\/h2>\t\t\t\t<\/div>\n\t\t\t\t<\/div>\n\t\t\t\t<div class=\"elementor-element elementor-element-a1fc096 elementor-widget elementor-widget-text-editor\" data-id=\"a1fc096\" data-element_type=\"widget\" data-e-type=\"widget\" data-widget_type=\"text-editor.default\">\n\t\t\t\t<div class=\"elementor-widget-container\">\n\t\t\t\t\t\t\t\t\t<p><strong>Une acc\u00e9l\u00e9ration historique de l\u2019\u00e9nergie solaire<\/strong><\/p><p>La France a franchi un cap majeur dans sa transition \u00e9nerg\u00e9tique : au premier trimestre 2025, 1 407 MW de puissance solaire ont \u00e9t\u00e9 raccord\u00e9s au r\u00e9seau national. Ce chiffre marque un record absolu et t\u00e9moigne d\u2019une acc\u00e9l\u00e9ration sans pr\u00e9c\u00e9dent du d\u00e9veloppement du photovolta\u00efque sur le territoire.<\/p><p><strong>Chiffres cl\u00e9s du solaire en France \u2013 T1 2025<\/strong><br \/>1 407 MW raccord\u00e9s en 3 mois<br \/>55 000+ nouvelles installations<br \/>23,5 GW de puissance solaire totale install\u00e9e<br \/>Pourquoi cette croissance est-elle si importante ?<\/p><p><strong>L\u2019essor du solaire en 2025 s\u2019explique par plusieurs facteurs :<\/strong><\/p><p>Des proc\u00e9dures administratives simplifi\u00e9es<br \/>Une hausse des tarifs d\u2019achat incitative<br \/>Une mobilisation des entreprises et collectivit\u00e9s<br \/>L\u2019essor de l\u2019autoconsommation photovolta\u00efque<br \/>\u00ab Le solaire devient un pilier de notre souverainet\u00e9 \u00e9nerg\u00e9tique \u00bb, souligne un expert du secteur.<\/p><p><strong>Le secteur C&amp;I en t\u00eate<\/strong><br \/>Le secteur commercial et industriel (C&amp;I) est le principal moteur de cette croissance, avec des projets de grande envergure sur les toitures, parkings et friches industrielles. Le r\u00e9sidentiel, quant \u00e0 lui, reste stable mais continue de se d\u00e9velopper gr\u00e2ce \u00e0 l\u2019autoconsommation.<\/p><p><strong>Et apr\u00e8s ? Vers une France solaire<\/strong><br \/>Avec 23,5 GW install\u00e9s, la France se rapproche de ses objectifs pour 2030. Les innovations comme les panneaux bifaciaux, l\u2019agrivolta\u00efsme ou les centrales flottantes ouvrent la voie \u00e0 un avenir encore plus ambitieux.<\/p><p><strong>Conclusion<\/strong><br \/>Le record solaire du 1er trimestre 2025 est bien plus qu\u2019un chiffre : c\u2019est le signe que la transition \u00e9nerg\u00e9tique fran\u00e7aise s\u2019acc\u00e9l\u00e8re. Le soleil n\u2019est plus une option, c\u2019est une solution d\u2019avenir.<\/p>\t\t\t\t\t\t\t\t<\/div>\n\t\t\t\t<\/div>\n\t\t\t\t<div class=\"elementor-element elementor-element-b411aaa elementor-widget elementor-widget-image\" data-id=\"b411aaa\" data-element_type=\"widget\" data-e-type=\"widget\" data-widget_type=\"image.default\">\n\t\t\t\t<div class=\"elementor-widget-container\">\n\t\t\t\t\t\t\t\t\t\t\t\t\t\t\t<img decoding=\"async\" width=\"770\" height=\"527\" src=\"https:\/\/apalmw.com\/wp-content\/uploads\/2025\/05\/Courbe-puissance-solaire-770x527.avif\" class=\"attachment-large size-large wp-image-8160 has-transparency\" alt=\"\" srcset=\"https:\/\/apalmw.com\/wp-content\/uploads\/2025\/05\/Courbe-puissance-solaire-770x527.avif 770w, https:\/\/apalmw.com\/wp-content\/uploads\/2025\/05\/Courbe-puissance-solaire-18x12.avif 18w\" sizes=\"(max-width: 770px) 100vw, 770px\" data-has-transparency=\"true\" data-dominant-color=\"fafafb\" style=\"--dominant-color: #fafafb\" \/>\t\t\t\t\t\t\t\t\t\t\t\t\t\t\t<\/div>\n\t\t\t\t<\/div>\n\t\t            <\/div>\r\n        <\/div>\r\n        \t\t\t<\/div>\r\n\t\t<\/section>\r\n\t\t\t\t<\/div>","protected":false},"excerpt":{"rendered":"<p>Record solaire en France : 1,4 GW raccord\u00e9s au 1er trimestre 2025 Une acc\u00e9l\u00e9ration historique de l\u2019\u00e9nergie solaire La France a franchi un cap majeur dans sa transition \u00e9nerg\u00e9tique : au premier trimestre 2025, 1 407 MW de puissance solaire ont \u00e9t\u00e9 raccord\u00e9s au r\u00e9seau national. Ce chiffre marque un record absolu et t\u00e9moigne d\u2019une [&hellip;]<\/p>\n","protected":false},"author":1,"featured_media":4268,"comment_status":"open","ping_status":"open","sticky":false,"template":"","format":"standard","meta":{"_coblocks_attr":"","_coblocks_dimensions":"","_coblocks_responsive_height":"","_coblocks_accordion_ie_support":"","footnotes":""},"categories":[2,5],"tags":[],"class_list":["post-8158","post","type-post","status-publish","format-standard","has-post-thumbnail","hentry","category-energie","category-solaire","cms-has-post-thumbnail"],"yoast_head":"<!-- This site is optimized with the Yoast SEO plugin v27.5 - https:\/\/yoast.com\/product\/yoast-seo-wordpress\/ -->\n<title>Record: 1,4 GW raccord\u00e9s au 1er trimestre ! - APAL MW<\/title>\n<meta name=\"description\" content=\"Nouveau record pour le solaire sur le premier trimestre 2025, la transition \u00e9nerg\u00e9tique est en marche !\" \/>\n<meta name=\"robots\" content=\"index, follow, max-snippet:-1, max-image-preview:large, max-video-preview:-1\" \/>\n<link rel=\"canonical\" href=\"https:\/\/apalmw.com\/en\/record-14-gw-raccordes-au-1er-trimestre\/\" \/>\n<meta property=\"og:locale\" content=\"en_US\" \/>\n<meta property=\"og:type\" content=\"article\" \/>\n<meta property=\"og:title\" content=\"Record: 1,4 GW raccord\u00e9s au 1er trimestre ! - APAL MW\" \/>\n<meta property=\"og:description\" content=\"Nouveau record pour le solaire sur le premier trimestre 2025, la transition \u00e9nerg\u00e9tique est en marche !\" \/>\n<meta property=\"og:url\" content=\"https:\/\/apalmw.com\/en\/record-14-gw-raccordes-au-1er-trimestre\/\" \/>\n<meta property=\"og:site_name\" content=\"APAL MW\" \/>\n<meta property=\"article:author\" content=\"https:\/\/www.facebook.com\/profile.php?id=61583036103410\" \/>\n<meta property=\"article:published_time\" content=\"2025-04-28T14:45:17+00:00\" \/>\n<meta property=\"article:modified_time\" content=\"2025-06-04T08:13:52+00:00\" \/>\n<meta property=\"og:image\" content=\"https:\/\/apalmw.com\/wp-content\/uploads\/037-hydro-power.png\" \/>\n\t<meta property=\"og:image:width\" content=\"512\" \/>\n\t<meta property=\"og:image:height\" content=\"512\" \/>\n\t<meta property=\"og:image:type\" content=\"image\/png\" \/>\n<meta name=\"author\" content=\"apal_mw\" \/>\n<meta name=\"twitter:card\" content=\"summary_large_image\" \/>\n<meta name=\"twitter:label1\" content=\"Written by\" \/>\n\t<meta name=\"twitter:data1\" content=\"apal_mw\" \/>\n\t<meta name=\"twitter:label2\" content=\"Est. reading time\" \/>\n\t<meta name=\"twitter:data2\" content=\"2 minutes\" \/>\n<script type=\"application\/ld+json\" class=\"yoast-schema-graph\">{\"@context\":\"https:\\\/\\\/schema.org\",\"@graph\":[{\"@type\":\"Article\",\"@id\":\"https:\\\/\\\/apalmw.com\\\/record-14-gw-raccordes-au-1er-trimestre\\\/#article\",\"isPartOf\":{\"@id\":\"https:\\\/\\\/apalmw.com\\\/record-14-gw-raccordes-au-1er-trimestre\\\/\"},\"author\":{\"name\":\"apal_mw\",\"@id\":\"https:\\\/\\\/apalmw.com\\\/#\\\/schema\\\/person\\\/c8ad8831c9e665b93c2d396cb7deaba3\"},\"headline\":\"Record: 1,4 GW raccord\u00e9s au 1er trimestre !\",\"datePublished\":\"2025-04-28T14:45:17+00:00\",\"dateModified\":\"2025-06-04T08:13:52+00:00\",\"mainEntityOfPage\":{\"@id\":\"https:\\\/\\\/apalmw.com\\\/record-14-gw-raccordes-au-1er-trimestre\\\/\"},\"wordCount\":294,\"commentCount\":0,\"publisher\":{\"@id\":\"https:\\\/\\\/apalmw.com\\\/#organization\"},\"image\":{\"@id\":\"https:\\\/\\\/apalmw.com\\\/record-14-gw-raccordes-au-1er-trimestre\\\/#primaryimage\"},\"thumbnailUrl\":\"https:\\\/\\\/apalmw.com\\\/wp-content\\\/uploads\\\/037-hydro-power.png\",\"articleSection\":[\"\u00c9nergie\",\"Solaire\"],\"inLanguage\":\"en-US\",\"potentialAction\":[{\"@type\":\"CommentAction\",\"name\":\"Comment\",\"target\":[\"https:\\\/\\\/apalmw.com\\\/record-14-gw-raccordes-au-1er-trimestre\\\/#respond\"]}]},{\"@type\":\"WebPage\",\"@id\":\"https:\\\/\\\/apalmw.com\\\/record-14-gw-raccordes-au-1er-trimestre\\\/\",\"url\":\"https:\\\/\\\/apalmw.com\\\/record-14-gw-raccordes-au-1er-trimestre\\\/\",\"name\":\"Record: 1,4 GW raccord\u00e9s au 1er trimestre ! - APAL MW\",\"isPartOf\":{\"@id\":\"https:\\\/\\\/apalmw.com\\\/#website\"},\"primaryImageOfPage\":{\"@id\":\"https:\\\/\\\/apalmw.com\\\/record-14-gw-raccordes-au-1er-trimestre\\\/#primaryimage\"},\"image\":{\"@id\":\"https:\\\/\\\/apalmw.com\\\/record-14-gw-raccordes-au-1er-trimestre\\\/#primaryimage\"},\"thumbnailUrl\":\"https:\\\/\\\/apalmw.com\\\/wp-content\\\/uploads\\\/037-hydro-power.png\",\"datePublished\":\"2025-04-28T14:45:17+00:00\",\"dateModified\":\"2025-06-04T08:13:52+00:00\",\"description\":\"Nouveau record pour le solaire sur le premier trimestre 2025, la transition \u00e9nerg\u00e9tique est en marche !\",\"breadcrumb\":{\"@id\":\"https:\\\/\\\/apalmw.com\\\/record-14-gw-raccordes-au-1er-trimestre\\\/#breadcrumb\"},\"inLanguage\":\"en-US\",\"potentialAction\":[{\"@type\":\"ReadAction\",\"target\":[\"https:\\\/\\\/apalmw.com\\\/record-14-gw-raccordes-au-1er-trimestre\\\/\"]}]},{\"@type\":\"ImageObject\",\"inLanguage\":\"en-US\",\"@id\":\"https:\\\/\\\/apalmw.com\\\/record-14-gw-raccordes-au-1er-trimestre\\\/#primaryimage\",\"url\":\"https:\\\/\\\/apalmw.com\\\/wp-content\\\/uploads\\\/037-hydro-power.png\",\"contentUrl\":\"https:\\\/\\\/apalmw.com\\\/wp-content\\\/uploads\\\/037-hydro-power.png\",\"width\":512,\"height\":512},{\"@type\":\"BreadcrumbList\",\"@id\":\"https:\\\/\\\/apalmw.com\\\/record-14-gw-raccordes-au-1er-trimestre\\\/#breadcrumb\",\"itemListElement\":[{\"@type\":\"ListItem\",\"position\":1,\"name\":\"Accueil\",\"item\":\"https:\\\/\\\/apalmw.com\\\/\"},{\"@type\":\"ListItem\",\"position\":2,\"name\":\"Record: 1,4 GW raccord\u00e9s au 1er trimestre !\"}]},{\"@type\":\"WebSite\",\"@id\":\"https:\\\/\\\/apalmw.com\\\/#website\",\"url\":\"https:\\\/\\\/apalmw.com\\\/\",\"name\":\"APAL MW\",\"description\":\"Ensemble vers l&#039;\u00e9nergie de demain\",\"publisher\":{\"@id\":\"https:\\\/\\\/apalmw.com\\\/#organization\"},\"alternateName\":\"APAL\",\"potentialAction\":[{\"@type\":\"SearchAction\",\"target\":{\"@type\":\"EntryPoint\",\"urlTemplate\":\"https:\\\/\\\/apalmw.com\\\/?s={search_term_string}\"},\"query-input\":{\"@type\":\"PropertyValueSpecification\",\"valueRequired\":true,\"valueName\":\"search_term_string\"}}],\"inLanguage\":\"en-US\"},{\"@type\":\"Organization\",\"@id\":\"https:\\\/\\\/apalmw.com\\\/#organization\",\"name\":\"APAL MW\",\"alternateName\":\"APALMW\",\"url\":\"https:\\\/\\\/apalmw.com\\\/\",\"logo\":{\"@type\":\"ImageObject\",\"inLanguage\":\"en-US\",\"@id\":\"https:\\\/\\\/apalmw.com\\\/#\\\/schema\\\/logo\\\/image\\\/\",\"url\":\"\",\"contentUrl\":\"\",\"caption\":\"APAL MW\"},\"image\":{\"@id\":\"https:\\\/\\\/apalmw.com\\\/#\\\/schema\\\/logo\\\/image\\\/\"},\"sameAs\":[\"https:\\\/\\\/fr.linkedin.com\\\/company\\\/apal-mw\",\"https:\\\/\\\/www.youtube.com\\\/@APALMW\"]},{\"@type\":\"Person\",\"@id\":\"https:\\\/\\\/apalmw.com\\\/#\\\/schema\\\/person\\\/c8ad8831c9e665b93c2d396cb7deaba3\",\"name\":\"apal_mw\",\"image\":{\"@type\":\"ImageObject\",\"inLanguage\":\"en-US\",\"@id\":\"https:\\\/\\\/secure.gravatar.com\\\/avatar\\\/e72f9485464a294f5b3a53988918fd0d57f2abce487c0e34b1b9192e01388adb?s=96&d=mm&r=g\",\"url\":\"https:\\\/\\\/secure.gravatar.com\\\/avatar\\\/e72f9485464a294f5b3a53988918fd0d57f2abce487c0e34b1b9192e01388adb?s=96&d=mm&r=g\",\"contentUrl\":\"https:\\\/\\\/secure.gravatar.com\\\/avatar\\\/e72f9485464a294f5b3a53988918fd0d57f2abce487c0e34b1b9192e01388adb?s=96&d=mm&r=g\",\"caption\":\"apal_mw\"},\"sameAs\":[\"https:\\\/\\\/apalmw.com\",\"https:\\\/\\\/www.facebook.com\\\/profile.php?id=61583036103410\",\"https:\\\/\\\/www.instagram.com\\\/apal_mw\",\"https:\\\/\\\/www.linkedin.com\\\/company\\\/apal-mw\",\"https:\\\/\\\/www.youtube.com\\\/@APALMW\"],\"url\":\"https:\\\/\\\/apalmw.com\\\/en\\\/author\\\/apalmwnicolas\\\/\"}]}<\/script>\n<!-- \/ Yoast SEO plugin. -->","yoast_head_json":{"title":"Record: 1,4 GW raccord\u00e9s au 1er trimestre ! - APAL MW","description":"Nouveau record pour le solaire sur le premier trimestre 2025, la transition \u00e9nerg\u00e9tique est en marche !","robots":{"index":"index","follow":"follow","max-snippet":"max-snippet:-1","max-image-preview":"max-image-preview:large","max-video-preview":"max-video-preview:-1"},"canonical":"https:\/\/apalmw.com\/en\/record-14-gw-raccordes-au-1er-trimestre\/","og_locale":"en_US","og_type":"article","og_title":"Record: 1,4 GW raccord\u00e9s au 1er trimestre ! - APAL MW","og_description":"Nouveau record pour le solaire sur le premier trimestre 2025, la transition \u00e9nerg\u00e9tique est en marche !","og_url":"https:\/\/apalmw.com\/en\/record-14-gw-raccordes-au-1er-trimestre\/","og_site_name":"APAL MW","article_author":"https:\/\/www.facebook.com\/profile.php?id=61583036103410","article_published_time":"2025-04-28T14:45:17+00:00","article_modified_time":"2025-06-04T08:13:52+00:00","og_image":[{"width":512,"height":512,"url":"https:\/\/apalmw.com\/wp-content\/uploads\/037-hydro-power.png","type":"image\/png"}],"author":"apal_mw","twitter_card":"summary_large_image","twitter_misc":{"Written by":"apal_mw","Est. reading time":"2 minutes"},"schema":{"@context":"https:\/\/schema.org","@graph":[{"@type":"Article","@id":"https:\/\/apalmw.com\/record-14-gw-raccordes-au-1er-trimestre\/#article","isPartOf":{"@id":"https:\/\/apalmw.com\/record-14-gw-raccordes-au-1er-trimestre\/"},"author":{"name":"apal_mw","@id":"https:\/\/apalmw.com\/#\/schema\/person\/c8ad8831c9e665b93c2d396cb7deaba3"},"headline":"Record: 1,4 GW raccord\u00e9s au 1er trimestre !","datePublished":"2025-04-28T14:45:17+00:00","dateModified":"2025-06-04T08:13:52+00:00","mainEntityOfPage":{"@id":"https:\/\/apalmw.com\/record-14-gw-raccordes-au-1er-trimestre\/"},"wordCount":294,"commentCount":0,"publisher":{"@id":"https:\/\/apalmw.com\/#organization"},"image":{"@id":"https:\/\/apalmw.com\/record-14-gw-raccordes-au-1er-trimestre\/#primaryimage"},"thumbnailUrl":"https:\/\/apalmw.com\/wp-content\/uploads\/037-hydro-power.png","articleSection":["\u00c9nergie","Solaire"],"inLanguage":"en-US","potentialAction":[{"@type":"CommentAction","name":"Comment","target":["https:\/\/apalmw.com\/record-14-gw-raccordes-au-1er-trimestre\/#respond"]}]},{"@type":"WebPage","@id":"https:\/\/apalmw.com\/record-14-gw-raccordes-au-1er-trimestre\/","url":"https:\/\/apalmw.com\/record-14-gw-raccordes-au-1er-trimestre\/","name":"Record: 1,4 GW raccord\u00e9s au 1er trimestre ! - APAL MW","isPartOf":{"@id":"https:\/\/apalmw.com\/#website"},"primaryImageOfPage":{"@id":"https:\/\/apalmw.com\/record-14-gw-raccordes-au-1er-trimestre\/#primaryimage"},"image":{"@id":"https:\/\/apalmw.com\/record-14-gw-raccordes-au-1er-trimestre\/#primaryimage"},"thumbnailUrl":"https:\/\/apalmw.com\/wp-content\/uploads\/037-hydro-power.png","datePublished":"2025-04-28T14:45:17+00:00","dateModified":"2025-06-04T08:13:52+00:00","description":"Nouveau record pour le solaire sur le premier trimestre 2025, la transition \u00e9nerg\u00e9tique est en marche !","breadcrumb":{"@id":"https:\/\/apalmw.com\/record-14-gw-raccordes-au-1er-trimestre\/#breadcrumb"},"inLanguage":"en-US","potentialAction":[{"@type":"ReadAction","target":["https:\/\/apalmw.com\/record-14-gw-raccordes-au-1er-trimestre\/"]}]},{"@type":"ImageObject","inLanguage":"en-US","@id":"https:\/\/apalmw.com\/record-14-gw-raccordes-au-1er-trimestre\/#primaryimage","url":"https:\/\/apalmw.com\/wp-content\/uploads\/037-hydro-power.png","contentUrl":"https:\/\/apalmw.com\/wp-content\/uploads\/037-hydro-power.png","width":512,"height":512},{"@type":"BreadcrumbList","@id":"https:\/\/apalmw.com\/record-14-gw-raccordes-au-1er-trimestre\/#breadcrumb","itemListElement":[{"@type":"ListItem","position":1,"name":"Accueil","item":"https:\/\/apalmw.com\/"},{"@type":"ListItem","position":2,"name":"Record: 1,4 GW raccord\u00e9s au 1er trimestre !"}]},{"@type":"WebSite","@id":"https:\/\/apalmw.com\/#website","url":"https:\/\/apalmw.com\/","name":"APAL MW","description":"Ensemble vers l&#039;\u00e9nergie de demain","publisher":{"@id":"https:\/\/apalmw.com\/#organization"},"alternateName":"APAL","potentialAction":[{"@type":"SearchAction","target":{"@type":"EntryPoint","urlTemplate":"https:\/\/apalmw.com\/?s={search_term_string}"},"query-input":{"@type":"PropertyValueSpecification","valueRequired":true,"valueName":"search_term_string"}}],"inLanguage":"en-US"},{"@type":"Organization","@id":"https:\/\/apalmw.com\/#organization","name":"APAL MW","alternateName":"APALMW","url":"https:\/\/apalmw.com\/","logo":{"@type":"ImageObject","inLanguage":"en-US","@id":"https:\/\/apalmw.com\/#\/schema\/logo\/image\/","url":"","contentUrl":"","caption":"APAL MW"},"image":{"@id":"https:\/\/apalmw.com\/#\/schema\/logo\/image\/"},"sameAs":["https:\/\/fr.linkedin.com\/company\/apal-mw","https:\/\/www.youtube.com\/@APALMW"]},{"@type":"Person","@id":"https:\/\/apalmw.com\/#\/schema\/person\/c8ad8831c9e665b93c2d396cb7deaba3","name":"apal_mw","image":{"@type":"ImageObject","inLanguage":"en-US","@id":"https:\/\/secure.gravatar.com\/avatar\/e72f9485464a294f5b3a53988918fd0d57f2abce487c0e34b1b9192e01388adb?s=96&d=mm&r=g","url":"https:\/\/secure.gravatar.com\/avatar\/e72f9485464a294f5b3a53988918fd0d57f2abce487c0e34b1b9192e01388adb?s=96&d=mm&r=g","contentUrl":"https:\/\/secure.gravatar.com\/avatar\/e72f9485464a294f5b3a53988918fd0d57f2abce487c0e34b1b9192e01388adb?s=96&d=mm&r=g","caption":"apal_mw"},"sameAs":["https:\/\/apalmw.com","https:\/\/www.facebook.com\/profile.php?id=61583036103410","https:\/\/www.instagram.com\/apal_mw","https:\/\/www.linkedin.com\/company\/apal-mw","https:\/\/www.youtube.com\/@APALMW"],"url":"https:\/\/apalmw.com\/en\/author\/apalmwnicolas\/"}]}},"_links":{"self":[{"href":"https:\/\/apalmw.com\/en\/wp-json\/wp\/v2\/posts\/8158","targetHints":{"allow":["GET"]}}],"collection":[{"href":"https:\/\/apalmw.com\/en\/wp-json\/wp\/v2\/posts"}],"about":[{"href":"https:\/\/apalmw.com\/en\/wp-json\/wp\/v2\/types\/post"}],"author":[{"embeddable":true,"href":"https:\/\/apalmw.com\/en\/wp-json\/wp\/v2\/users\/1"}],"replies":[{"embeddable":true,"href":"https:\/\/apalmw.com\/en\/wp-json\/wp\/v2\/comments?post=8158"}],"version-history":[{"count":5,"href":"https:\/\/apalmw.com\/en\/wp-json\/wp\/v2\/posts\/8158\/revisions"}],"predecessor-version":[{"id":8189,"href":"https:\/\/apalmw.com\/en\/wp-json\/wp\/v2\/posts\/8158\/revisions\/8189"}],"wp:featuredmedia":[{"embeddable":true,"href":"https:\/\/apalmw.com\/en\/wp-json\/wp\/v2\/media\/4268"}],"wp:attachment":[{"href":"https:\/\/apalmw.com\/en\/wp-json\/wp\/v2\/media?parent=8158"}],"wp:term":[{"taxonomy":"category","embeddable":true,"href":"https:\/\/apalmw.com\/en\/wp-json\/wp\/v2\/categories?post=8158"},{"taxonomy":"post_tag","embeddable":true,"href":"https:\/\/apalmw.com\/en\/wp-json\/wp\/v2\/tags?post=8158"}],"curies":[{"name":"wp","href":"https:\/\/api.w.org\/{rel}","templated":true}]}}