{"id":8150,"date":"2025-06-03T15:28:24","date_gmt":"2025-06-03T14:28:24","guid":{"rendered":"https:\/\/apalmw.com\/?p=8150"},"modified":"2025-06-04T09:21:26","modified_gmt":"2025-06-04T08:21:26","slug":"eco2mix-les-chiffres-cles-de-lelectricite","status":"publish","type":"post","link":"https:\/\/apalmw.com\/en\/eco2mix-les-chiffres-cles-de-lelectricite\/","title":{"rendered":"\u00e9CO2mix &#8211; Les chiffres cl\u00e9s de l&#8217;\u00e9lectricit\u00e9"},"content":{"rendered":"<div data-elementor-type=\"wp-post\" data-elementor-id=\"8150\" class=\"elementor elementor-8150\" data-elementor-post-type=\"post\">\n\t\t\t\t        <section class=\"elementor-section elementor-top-section elementor-element elementor-element-ac7bcd6 elementor-section-boxed elementor-section-height-default elementor-section-height-default cms-boxed-bg-false\" data-id=\"ac7bcd6\" data-element_type=\"section\" data-e-type=\"section\">\r\n\t\t\r\n\t\t<div class=\"cms-section-boxed-bg\"><\/div>        <div class=\"elementor-container elementor-column-gap-default\" >\r\n\t\t        <div class=\"elementor-column elementor-col-100 elementor-top-column elementor-element elementor-element-a4e918f\" data-id=\"a4e918f\" data-element_type=\"column\" data-e-type=\"column\">\r\n            <div class=\"elementor-widget-wrap elementor-element-populated\">\r\n                \t\t<div class=\"elementor-element elementor-element-ea9daf3 elementor-widget elementor-widget-image\" data-id=\"ea9daf3\" data-element_type=\"widget\" data-e-type=\"widget\" data-widget_type=\"image.default\">\n\t\t\t\t<div class=\"elementor-widget-container\">\n\t\t\t\t\t\t\t\t\t\t\t\t\t\t\t<img decoding=\"async\" src=\"https:\/\/www.energiesdelamer.eu\/wp-content\/uploads\/2015\/11\/LOGO-RTE.png\" title=\"\" alt=\"\" loading=\"lazy\" \/>\t\t\t\t\t\t\t\t\t\t\t\t\t\t\t<\/div>\n\t\t\t\t<\/div>\n\t\t            <\/div>\r\n        <\/div>\r\n        \t\t\t<\/div>\r\n\t\t<\/section>\r\n\t\t        <section class=\"elementor-section elementor-top-section elementor-element elementor-element-5710d19 elementor-section-boxed elementor-section-height-default elementor-section-height-default cms-boxed-bg-false\" data-id=\"5710d19\" data-element_type=\"section\" data-e-type=\"section\">\r\n\t\t\r\n\t\t<div class=\"cms-section-boxed-bg\"><\/div>        <div class=\"elementor-container elementor-column-gap-default\" >\r\n\t\t        <div class=\"elementor-column elementor-col-100 elementor-top-column elementor-element elementor-element-e438631\" data-id=\"e438631\" data-element_type=\"column\" data-e-type=\"column\">\r\n            <div class=\"elementor-widget-wrap elementor-element-populated\">\r\n                \t\t<div class=\"elementor-element elementor-element-ff88632 elementor-widget elementor-widget-heading\" data-id=\"ff88632\" data-element_type=\"widget\" data-e-type=\"widget\" data-widget_type=\"heading.default\">\n\t\t\t\t<div class=\"elementor-widget-container\">\n\t\t\t\t\t<h2 class=\"elementor-heading-title elementor-size-default\">\u00e9CO2mix - Les chiffres cl\u00e9s de l'\u00e9lectricit\u00e9<\/h2>\t\t\t\t<\/div>\n\t\t\t\t<\/div>\n\t\t\t\t<div class=\"elementor-element elementor-element-75696ea elementor-widget elementor-widget-text-editor\" data-id=\"75696ea\" data-element_type=\"widget\" data-e-type=\"widget\" data-widget_type=\"text-editor.default\">\n\t\t\t\t<div class=\"elementor-widget-container\">\n\t\t\t\t\t\t\t\t\t<h2>Suivre et comprendre les chiffres-cl\u00e9s nationaux et r\u00e9gionaux<\/h2><p>RTE vous propose des chiffres-cl\u00e9s nationaux et r\u00e9gionaux (Corse non comprise) sur les th\u00e8mes suivants :<\/p><ul><li>Consommation,<\/li><li>Parc de production install\u00e9 (R\u00e9seau public de distribution d\u2019\u00e9lectricit\u00e9 et R\u00e9seau Public de Transport d\u2019\u00e9lectricit\u00e9 confondus),<\/li><li>Production \u00e9olienne,<\/li><li>Production photovolta\u00efque,<\/li><li>\u00c9changes commerciaux entre la France et les pays frontaliers,<\/li><li>Flux physiques sur le r\u00e9seau RTE entre les r\u00e9gions.<\/li><\/ul><p>Ils sont consultables \u00e0 l\u2019\u00e9chelon national et r\u00e9gional et vous communiquent des indicateurs comme \u00ab la consommation r\u00e9gionale maximum \u00bb, \u00ab le taux de couverture moyen de consommation par la production \u00e9olienne \u00bb et bien d\u2019autres encore.<\/p><p>Ces rep\u00e8res vous sont fournis pour l\u2019ann\u00e9e en cours et l\u2019ann\u00e9e pr\u00e9c\u00e9dente, mais vous trouverez \u00e9galement les maximums historiques atteints (depuis le 1er janvier 2012 pour les donn\u00e9es nationales et depuis le 1er janvier 2013 pour les donn\u00e9es r\u00e9gionales).<\/p><p><em>NB : Les donn\u00e9es sur le parc de production install\u00e9 sont mises \u00e0 jour mensuellement. Le Parc France couvre toutes les r\u00e9gions de la France m\u00e9tropolitaine (Corse non comprise).<\/em><\/p><p>Les flux physiques sont les transits sur les lignes du R\u00e9seau Public de Transport d\u2019\u00e9lectricit\u00e9 entre les territoires (inter-r\u00e9gions ou r\u00e9gion-pays pour les r\u00e9gions frontali\u00e8res). Les chiffres-cl\u00e9s correspondent aux soldes des flux physiques entrant et sortant d\u2019une r\u00e9gion. Selon le signe du solde, la r\u00e9gion est importatrice ou exportatrice d\u2019\u00e9lectricit\u00e9.<\/p><p>En outre, le maximum entrant correspond au fait que la production d\u2019un territoire est inf\u00e9rieure \u00e0 sa consommation : la r\u00e9gion doit donc importer de l\u2019\u00e9lectricit\u00e9 pour subvenir \u00e0 ses besoins. Certaines r\u00e9gions sont constamment exportatrices d\u2019\u00e9lectricit\u00e9 ; dans ce cas, le maximum entrant est toujours \u00e0 0 MW car le solde des flux physiques n\u2019est jamais importateur.<\/p><p><a href=\"https:\/\/www.rte-france.com\/eco2mix\/les-chiffres-cles-de-lelectricite\">Plus d&#8217;information sur le site de RTE\u00a0<\/a><\/p>\t\t\t\t\t\t\t\t<\/div>\n\t\t\t\t<\/div>\n\t\t            <\/div>\r\n        <\/div>\r\n        \t\t\t<\/div>\r\n\t\t<\/section>\r\n\t\t\t\t<\/div>","protected":false},"excerpt":{"rendered":"<p>\u00e9CO2mix &#8211; Les chiffres cl\u00e9s de l&#8217;\u00e9lectricit\u00e9 Suivre et comprendre les chiffres-cl\u00e9s nationaux et r\u00e9gionaux RTE vous propose des chiffres-cl\u00e9s nationaux et r\u00e9gionaux (Corse non comprise) sur les th\u00e8mes suivants : Consommation, Parc de production install\u00e9 (R\u00e9seau public de distribution d\u2019\u00e9lectricit\u00e9 et R\u00e9seau Public de Transport d\u2019\u00e9lectricit\u00e9 confondus), Production \u00e9olienne, Production photovolta\u00efque, \u00c9changes commerciaux entre [&hellip;]<\/p>\n","protected":false},"author":1,"featured_media":8211,"comment_status":"open","ping_status":"open","sticky":false,"template":"","format":"standard","meta":{"_coblocks_attr":"","_coblocks_dimensions":"","_coblocks_responsive_height":"","_coblocks_accordion_ie_support":"","footnotes":""},"categories":[2],"tags":[],"class_list":["post-8150","post","type-post","status-publish","format-standard","has-post-thumbnail","hentry","category-energie","cms-has-post-thumbnail"],"yoast_head":"<!-- This site is optimized with the Yoast SEO plugin v27.5 - https:\/\/yoast.com\/product\/yoast-seo-wordpress\/ -->\n<title>\u00e9CO2mix - Les chiffres cl\u00e9s de l&#039;\u00e9lectricit\u00e9 - APAL MW<\/title>\n<meta name=\"description\" content=\"Les chiffres de RTE sur les \u00e9nergies en France et dans les r\u00e9gions. Retrouvez tout cela en d\u00e9tail sur le site de RTE.\" \/>\n<meta name=\"robots\" content=\"index, follow, max-snippet:-1, max-image-preview:large, max-video-preview:-1\" \/>\n<link rel=\"canonical\" href=\"https:\/\/apalmw.com\/en\/eco2mix-les-chiffres-cles-de-lelectricite\/\" \/>\n<meta property=\"og:locale\" content=\"en_US\" \/>\n<meta property=\"og:type\" content=\"article\" \/>\n<meta property=\"og:title\" content=\"\u00e9CO2mix - Les chiffres cl\u00e9s de l&#039;\u00e9lectricit\u00e9 - APAL MW\" \/>\n<meta property=\"og:description\" content=\"Les chiffres de RTE sur les \u00e9nergies en France et dans les r\u00e9gions. Retrouvez tout cela en d\u00e9tail sur le site de RTE.\" \/>\n<meta property=\"og:url\" content=\"https:\/\/apalmw.com\/en\/eco2mix-les-chiffres-cles-de-lelectricite\/\" \/>\n<meta property=\"og:site_name\" content=\"APAL MW\" \/>\n<meta property=\"article:author\" content=\"https:\/\/www.facebook.com\/profile.php?id=61583036103410\" \/>\n<meta property=\"article:published_time\" content=\"2025-06-03T14:28:24+00:00\" \/>\n<meta property=\"article:modified_time\" content=\"2025-06-04T08:21:26+00:00\" \/>\n<meta property=\"og:image\" content=\"https:\/\/apalmw.com\/wp-content\/uploads\/2025\/06\/eco2mix.avif\" \/>\n\t<meta property=\"og:image:width\" content=\"512\" \/>\n\t<meta property=\"og:image:height\" content=\"512\" \/>\n\t<meta property=\"og:image:type\" content=\"image\/png\" \/>\n<meta name=\"author\" content=\"apal_mw\" \/>\n<meta name=\"twitter:card\" content=\"summary_large_image\" \/>\n<meta name=\"twitter:label1\" content=\"Written by\" \/>\n\t<meta name=\"twitter:data1\" content=\"apal_mw\" \/>\n\t<meta name=\"twitter:label2\" content=\"Est. reading time\" \/>\n\t<meta name=\"twitter:data2\" content=\"2 minutes\" \/>\n<script type=\"application\/ld+json\" class=\"yoast-schema-graph\">{\"@context\":\"https:\\\/\\\/schema.org\",\"@graph\":[{\"@type\":\"Article\",\"@id\":\"https:\\\/\\\/apalmw.com\\\/eco2mix-les-chiffres-cles-de-lelectricite\\\/#article\",\"isPartOf\":{\"@id\":\"https:\\\/\\\/apalmw.com\\\/eco2mix-les-chiffres-cles-de-lelectricite\\\/\"},\"author\":{\"name\":\"apal_mw\",\"@id\":\"https:\\\/\\\/apalmw.com\\\/#\\\/schema\\\/person\\\/c8ad8831c9e665b93c2d396cb7deaba3\"},\"headline\":\"\u00e9CO2mix &#8211; Les chiffres cl\u00e9s de l&#8217;\u00e9lectricit\u00e9\",\"datePublished\":\"2025-06-03T14:28:24+00:00\",\"dateModified\":\"2025-06-04T08:21:26+00:00\",\"mainEntityOfPage\":{\"@id\":\"https:\\\/\\\/apalmw.com\\\/eco2mix-les-chiffres-cles-de-lelectricite\\\/\"},\"wordCount\":335,\"commentCount\":0,\"publisher\":{\"@id\":\"https:\\\/\\\/apalmw.com\\\/#organization\"},\"image\":{\"@id\":\"https:\\\/\\\/apalmw.com\\\/eco2mix-les-chiffres-cles-de-lelectricite\\\/#primaryimage\"},\"thumbnailUrl\":\"https:\\\/\\\/apalmw.com\\\/wp-content\\\/uploads\\\/2025\\\/06\\\/eco2mix.avif\",\"articleSection\":[\"\u00c9nergie\"],\"inLanguage\":\"en-US\",\"potentialAction\":[{\"@type\":\"CommentAction\",\"name\":\"Comment\",\"target\":[\"https:\\\/\\\/apalmw.com\\\/eco2mix-les-chiffres-cles-de-lelectricite\\\/#respond\"]}]},{\"@type\":\"WebPage\",\"@id\":\"https:\\\/\\\/apalmw.com\\\/eco2mix-les-chiffres-cles-de-lelectricite\\\/\",\"url\":\"https:\\\/\\\/apalmw.com\\\/eco2mix-les-chiffres-cles-de-lelectricite\\\/\",\"name\":\"\u00e9CO2mix - Les chiffres cl\u00e9s de l'\u00e9lectricit\u00e9 - APAL MW\",\"isPartOf\":{\"@id\":\"https:\\\/\\\/apalmw.com\\\/#website\"},\"primaryImageOfPage\":{\"@id\":\"https:\\\/\\\/apalmw.com\\\/eco2mix-les-chiffres-cles-de-lelectricite\\\/#primaryimage\"},\"image\":{\"@id\":\"https:\\\/\\\/apalmw.com\\\/eco2mix-les-chiffres-cles-de-lelectricite\\\/#primaryimage\"},\"thumbnailUrl\":\"https:\\\/\\\/apalmw.com\\\/wp-content\\\/uploads\\\/2025\\\/06\\\/eco2mix.avif\",\"datePublished\":\"2025-06-03T14:28:24+00:00\",\"dateModified\":\"2025-06-04T08:21:26+00:00\",\"description\":\"Les chiffres de RTE sur les \u00e9nergies en France et dans les r\u00e9gions. Retrouvez tout cela en d\u00e9tail sur le site de RTE.\",\"breadcrumb\":{\"@id\":\"https:\\\/\\\/apalmw.com\\\/eco2mix-les-chiffres-cles-de-lelectricite\\\/#breadcrumb\"},\"inLanguage\":\"en-US\",\"potentialAction\":[{\"@type\":\"ReadAction\",\"target\":[\"https:\\\/\\\/apalmw.com\\\/eco2mix-les-chiffres-cles-de-lelectricite\\\/\"]}]},{\"@type\":\"ImageObject\",\"inLanguage\":\"en-US\",\"@id\":\"https:\\\/\\\/apalmw.com\\\/eco2mix-les-chiffres-cles-de-lelectricite\\\/#primaryimage\",\"url\":\"https:\\\/\\\/apalmw.com\\\/wp-content\\\/uploads\\\/2025\\\/06\\\/eco2mix.avif\",\"contentUrl\":\"https:\\\/\\\/apalmw.com\\\/wp-content\\\/uploads\\\/2025\\\/06\\\/eco2mix.avif\",\"width\":512,\"height\":512},{\"@type\":\"BreadcrumbList\",\"@id\":\"https:\\\/\\\/apalmw.com\\\/eco2mix-les-chiffres-cles-de-lelectricite\\\/#breadcrumb\",\"itemListElement\":[{\"@type\":\"ListItem\",\"position\":1,\"name\":\"Accueil\",\"item\":\"https:\\\/\\\/apalmw.com\\\/\"},{\"@type\":\"ListItem\",\"position\":2,\"name\":\"\u00e9CO2mix &#8211; Les chiffres cl\u00e9s de l&#8217;\u00e9lectricit\u00e9\"}]},{\"@type\":\"WebSite\",\"@id\":\"https:\\\/\\\/apalmw.com\\\/#website\",\"url\":\"https:\\\/\\\/apalmw.com\\\/\",\"name\":\"APAL MW\",\"description\":\"Ensemble vers l&#039;\u00e9nergie de demain\",\"publisher\":{\"@id\":\"https:\\\/\\\/apalmw.com\\\/#organization\"},\"alternateName\":\"APAL\",\"potentialAction\":[{\"@type\":\"SearchAction\",\"target\":{\"@type\":\"EntryPoint\",\"urlTemplate\":\"https:\\\/\\\/apalmw.com\\\/?s={search_term_string}\"},\"query-input\":{\"@type\":\"PropertyValueSpecification\",\"valueRequired\":true,\"valueName\":\"search_term_string\"}}],\"inLanguage\":\"en-US\"},{\"@type\":\"Organization\",\"@id\":\"https:\\\/\\\/apalmw.com\\\/#organization\",\"name\":\"APAL MW\",\"alternateName\":\"APALMW\",\"url\":\"https:\\\/\\\/apalmw.com\\\/\",\"logo\":{\"@type\":\"ImageObject\",\"inLanguage\":\"en-US\",\"@id\":\"https:\\\/\\\/apalmw.com\\\/#\\\/schema\\\/logo\\\/image\\\/\",\"url\":\"\",\"contentUrl\":\"\",\"caption\":\"APAL MW\"},\"image\":{\"@id\":\"https:\\\/\\\/apalmw.com\\\/#\\\/schema\\\/logo\\\/image\\\/\"},\"sameAs\":[\"https:\\\/\\\/fr.linkedin.com\\\/company\\\/apal-mw\",\"https:\\\/\\\/www.youtube.com\\\/@APALMW\"]},{\"@type\":\"Person\",\"@id\":\"https:\\\/\\\/apalmw.com\\\/#\\\/schema\\\/person\\\/c8ad8831c9e665b93c2d396cb7deaba3\",\"name\":\"apal_mw\",\"image\":{\"@type\":\"ImageObject\",\"inLanguage\":\"en-US\",\"@id\":\"https:\\\/\\\/secure.gravatar.com\\\/avatar\\\/e72f9485464a294f5b3a53988918fd0d57f2abce487c0e34b1b9192e01388adb?s=96&d=mm&r=g\",\"url\":\"https:\\\/\\\/secure.gravatar.com\\\/avatar\\\/e72f9485464a294f5b3a53988918fd0d57f2abce487c0e34b1b9192e01388adb?s=96&d=mm&r=g\",\"contentUrl\":\"https:\\\/\\\/secure.gravatar.com\\\/avatar\\\/e72f9485464a294f5b3a53988918fd0d57f2abce487c0e34b1b9192e01388adb?s=96&d=mm&r=g\",\"caption\":\"apal_mw\"},\"sameAs\":[\"https:\\\/\\\/apalmw.com\",\"https:\\\/\\\/www.facebook.com\\\/profile.php?id=61583036103410\",\"https:\\\/\\\/www.instagram.com\\\/apal_mw\",\"https:\\\/\\\/www.linkedin.com\\\/company\\\/apal-mw\",\"https:\\\/\\\/www.youtube.com\\\/@APALMW\"],\"url\":\"https:\\\/\\\/apalmw.com\\\/en\\\/author\\\/apalmwnicolas\\\/\"}]}<\/script>\n<!-- \/ Yoast SEO plugin. -->","yoast_head_json":{"title":"\u00e9CO2mix - Les chiffres cl\u00e9s de l'\u00e9lectricit\u00e9 - APAL MW","description":"Les chiffres de RTE sur les \u00e9nergies en France et dans les r\u00e9gions. Retrouvez tout cela en d\u00e9tail sur le site de RTE.","robots":{"index":"index","follow":"follow","max-snippet":"max-snippet:-1","max-image-preview":"max-image-preview:large","max-video-preview":"max-video-preview:-1"},"canonical":"https:\/\/apalmw.com\/en\/eco2mix-les-chiffres-cles-de-lelectricite\/","og_locale":"en_US","og_type":"article","og_title":"\u00e9CO2mix - Les chiffres cl\u00e9s de l'\u00e9lectricit\u00e9 - APAL MW","og_description":"Les chiffres de RTE sur les \u00e9nergies en France et dans les r\u00e9gions. Retrouvez tout cela en d\u00e9tail sur le site de RTE.","og_url":"https:\/\/apalmw.com\/en\/eco2mix-les-chiffres-cles-de-lelectricite\/","og_site_name":"APAL MW","article_author":"https:\/\/www.facebook.com\/profile.php?id=61583036103410","article_published_time":"2025-06-03T14:28:24+00:00","article_modified_time":"2025-06-04T08:21:26+00:00","og_image":[{"width":512,"height":512,"url":"https:\/\/apalmw.com\/wp-content\/uploads\/2025\/06\/eco2mix.avif","type":"image\/png"}],"author":"apal_mw","twitter_card":"summary_large_image","twitter_misc":{"Written by":"apal_mw","Est. reading time":"2 minutes"},"schema":{"@context":"https:\/\/schema.org","@graph":[{"@type":"Article","@id":"https:\/\/apalmw.com\/eco2mix-les-chiffres-cles-de-lelectricite\/#article","isPartOf":{"@id":"https:\/\/apalmw.com\/eco2mix-les-chiffres-cles-de-lelectricite\/"},"author":{"name":"apal_mw","@id":"https:\/\/apalmw.com\/#\/schema\/person\/c8ad8831c9e665b93c2d396cb7deaba3"},"headline":"\u00e9CO2mix &#8211; Les chiffres cl\u00e9s de l&#8217;\u00e9lectricit\u00e9","datePublished":"2025-06-03T14:28:24+00:00","dateModified":"2025-06-04T08:21:26+00:00","mainEntityOfPage":{"@id":"https:\/\/apalmw.com\/eco2mix-les-chiffres-cles-de-lelectricite\/"},"wordCount":335,"commentCount":0,"publisher":{"@id":"https:\/\/apalmw.com\/#organization"},"image":{"@id":"https:\/\/apalmw.com\/eco2mix-les-chiffres-cles-de-lelectricite\/#primaryimage"},"thumbnailUrl":"https:\/\/apalmw.com\/wp-content\/uploads\/2025\/06\/eco2mix.avif","articleSection":["\u00c9nergie"],"inLanguage":"en-US","potentialAction":[{"@type":"CommentAction","name":"Comment","target":["https:\/\/apalmw.com\/eco2mix-les-chiffres-cles-de-lelectricite\/#respond"]}]},{"@type":"WebPage","@id":"https:\/\/apalmw.com\/eco2mix-les-chiffres-cles-de-lelectricite\/","url":"https:\/\/apalmw.com\/eco2mix-les-chiffres-cles-de-lelectricite\/","name":"\u00e9CO2mix - Les chiffres cl\u00e9s de l'\u00e9lectricit\u00e9 - APAL MW","isPartOf":{"@id":"https:\/\/apalmw.com\/#website"},"primaryImageOfPage":{"@id":"https:\/\/apalmw.com\/eco2mix-les-chiffres-cles-de-lelectricite\/#primaryimage"},"image":{"@id":"https:\/\/apalmw.com\/eco2mix-les-chiffres-cles-de-lelectricite\/#primaryimage"},"thumbnailUrl":"https:\/\/apalmw.com\/wp-content\/uploads\/2025\/06\/eco2mix.avif","datePublished":"2025-06-03T14:28:24+00:00","dateModified":"2025-06-04T08:21:26+00:00","description":"Les chiffres de RTE sur les \u00e9nergies en France et dans les r\u00e9gions. Retrouvez tout cela en d\u00e9tail sur le site de RTE.","breadcrumb":{"@id":"https:\/\/apalmw.com\/eco2mix-les-chiffres-cles-de-lelectricite\/#breadcrumb"},"inLanguage":"en-US","potentialAction":[{"@type":"ReadAction","target":["https:\/\/apalmw.com\/eco2mix-les-chiffres-cles-de-lelectricite\/"]}]},{"@type":"ImageObject","inLanguage":"en-US","@id":"https:\/\/apalmw.com\/eco2mix-les-chiffres-cles-de-lelectricite\/#primaryimage","url":"https:\/\/apalmw.com\/wp-content\/uploads\/2025\/06\/eco2mix.avif","contentUrl":"https:\/\/apalmw.com\/wp-content\/uploads\/2025\/06\/eco2mix.avif","width":512,"height":512},{"@type":"BreadcrumbList","@id":"https:\/\/apalmw.com\/eco2mix-les-chiffres-cles-de-lelectricite\/#breadcrumb","itemListElement":[{"@type":"ListItem","position":1,"name":"Accueil","item":"https:\/\/apalmw.com\/"},{"@type":"ListItem","position":2,"name":"\u00e9CO2mix &#8211; Les chiffres cl\u00e9s de l&#8217;\u00e9lectricit\u00e9"}]},{"@type":"WebSite","@id":"https:\/\/apalmw.com\/#website","url":"https:\/\/apalmw.com\/","name":"APAL MW","description":"Ensemble vers l&#039;\u00e9nergie de demain","publisher":{"@id":"https:\/\/apalmw.com\/#organization"},"alternateName":"APAL","potentialAction":[{"@type":"SearchAction","target":{"@type":"EntryPoint","urlTemplate":"https:\/\/apalmw.com\/?s={search_term_string}"},"query-input":{"@type":"PropertyValueSpecification","valueRequired":true,"valueName":"search_term_string"}}],"inLanguage":"en-US"},{"@type":"Organization","@id":"https:\/\/apalmw.com\/#organization","name":"APAL MW","alternateName":"APALMW","url":"https:\/\/apalmw.com\/","logo":{"@type":"ImageObject","inLanguage":"en-US","@id":"https:\/\/apalmw.com\/#\/schema\/logo\/image\/","url":"","contentUrl":"","caption":"APAL MW"},"image":{"@id":"https:\/\/apalmw.com\/#\/schema\/logo\/image\/"},"sameAs":["https:\/\/fr.linkedin.com\/company\/apal-mw","https:\/\/www.youtube.com\/@APALMW"]},{"@type":"Person","@id":"https:\/\/apalmw.com\/#\/schema\/person\/c8ad8831c9e665b93c2d396cb7deaba3","name":"apal_mw","image":{"@type":"ImageObject","inLanguage":"en-US","@id":"https:\/\/secure.gravatar.com\/avatar\/e72f9485464a294f5b3a53988918fd0d57f2abce487c0e34b1b9192e01388adb?s=96&d=mm&r=g","url":"https:\/\/secure.gravatar.com\/avatar\/e72f9485464a294f5b3a53988918fd0d57f2abce487c0e34b1b9192e01388adb?s=96&d=mm&r=g","contentUrl":"https:\/\/secure.gravatar.com\/avatar\/e72f9485464a294f5b3a53988918fd0d57f2abce487c0e34b1b9192e01388adb?s=96&d=mm&r=g","caption":"apal_mw"},"sameAs":["https:\/\/apalmw.com","https:\/\/www.facebook.com\/profile.php?id=61583036103410","https:\/\/www.instagram.com\/apal_mw","https:\/\/www.linkedin.com\/company\/apal-mw","https:\/\/www.youtube.com\/@APALMW"],"url":"https:\/\/apalmw.com\/en\/author\/apalmwnicolas\/"}]}},"_links":{"self":[{"href":"https:\/\/apalmw.com\/en\/wp-json\/wp\/v2\/posts\/8150","targetHints":{"allow":["GET"]}}],"collection":[{"href":"https:\/\/apalmw.com\/en\/wp-json\/wp\/v2\/posts"}],"about":[{"href":"https:\/\/apalmw.com\/en\/wp-json\/wp\/v2\/types\/post"}],"author":[{"embeddable":true,"href":"https:\/\/apalmw.com\/en\/wp-json\/wp\/v2\/users\/1"}],"replies":[{"embeddable":true,"href":"https:\/\/apalmw.com\/en\/wp-json\/wp\/v2\/comments?post=8150"}],"version-history":[{"count":5,"href":"https:\/\/apalmw.com\/en\/wp-json\/wp\/v2\/posts\/8150\/revisions"}],"predecessor-version":[{"id":8212,"href":"https:\/\/apalmw.com\/en\/wp-json\/wp\/v2\/posts\/8150\/revisions\/8212"}],"wp:featuredmedia":[{"embeddable":true,"href":"https:\/\/apalmw.com\/en\/wp-json\/wp\/v2\/media\/8211"}],"wp:attachment":[{"href":"https:\/\/apalmw.com\/en\/wp-json\/wp\/v2\/media?parent=8150"}],"wp:term":[{"taxonomy":"category","embeddable":true,"href":"https:\/\/apalmw.com\/en\/wp-json\/wp\/v2\/categories?post=8150"},{"taxonomy":"post_tag","embeddable":true,"href":"https:\/\/apalmw.com\/en\/wp-json\/wp\/v2\/tags?post=8150"}],"curies":[{"name":"wp","href":"https:\/\/api.w.org\/{rel}","templated":true}]}}