{"id":7802,"date":"2025-02-20T19:07:28","date_gmt":"2025-02-20T19:07:28","guid":{"rendered":"https:\/\/apalmw.com\/?p=7802"},"modified":"2025-04-18T10:55:18","modified_gmt":"2025-04-18T09:55:18","slug":"assises-cote-d-or","status":"publish","type":"post","link":"https:\/\/apalmw.com\/en\/assises-cote-d-or\/","title":{"rendered":"\u00a0Synth\u00e8se des Assises Fran\u00e7aises de l&#8217;Agrivolta\u00efsme"},"content":{"rendered":"<div data-elementor-type=\"wp-post\" data-elementor-id=\"7802\" class=\"elementor elementor-7802\" data-elementor-post-type=\"post\">\n\t\t\t\t        <section class=\"elementor-section elementor-top-section elementor-element elementor-element-59933e4 elementor-section-boxed elementor-section-height-default elementor-section-height-default cms-boxed-bg-false\" data-id=\"59933e4\" data-element_type=\"section\" data-e-type=\"section\">\r\n\t\t\r\n\t\t<div class=\"cms-section-boxed-bg\"><\/div>        <div class=\"elementor-container elementor-column-gap-default\" >\r\n\t\t        <div class=\"elementor-column elementor-col-100 elementor-top-column elementor-element elementor-element-8f53982\" data-id=\"8f53982\" data-element_type=\"column\" data-e-type=\"column\">\r\n            <div class=\"elementor-widget-wrap elementor-element-populated\">\r\n                \t\t<div class=\"elementor-element elementor-element-0b57a98 elementor-widget elementor-widget-image\" data-id=\"0b57a98\" data-element_type=\"widget\" data-e-type=\"widget\" data-widget_type=\"image.default\">\n\t\t\t\t<div class=\"elementor-widget-container\">\n\t\t\t\t\t\t\t\t\t\t\t\t\t\t\t<img fetchpriority=\"high\" decoding=\"async\" width=\"770\" height=\"306\" src=\"https:\/\/apalmw.com\/wp-content\/uploads\/2025\/02\/assises-770x306.webp\" class=\"attachment-large size-large wp-image-7803 not-transparent\" alt=\"Les Assises Fran\u00e7aises de l\u2019Agrivolta\u00efsme sont un \u00e9v\u00e9nement majeur pour discuter de l&#039;avenir de l&#039;agrivolta\u00efsme en France.\" srcset=\"https:\/\/apalmw.com\/wp-content\/uploads\/2025\/02\/assises-770x306.webp 770w, https:\/\/apalmw.com\/wp-content\/uploads\/2025\/02\/assises-18x7.webp 18w\" sizes=\"(max-width: 770px) 100vw, 770px\" data-has-transparency=\"false\" data-dominant-color=\"cbd2c1\" style=\"--dominant-color: #cbd2c1\" \/>\t\t\t\t\t\t\t\t\t\t\t\t\t\t\t<\/div>\n\t\t\t\t<\/div>\n\t\t            <\/div>\r\n        <\/div>\r\n        \t\t\t<\/div>\r\n\t\t<\/section>\r\n\t\t        <section class=\"elementor-section elementor-top-section elementor-element elementor-element-237831e elementor-section-boxed elementor-section-height-default elementor-section-height-default cms-boxed-bg-false\" data-id=\"237831e\" data-element_type=\"section\" data-e-type=\"section\">\r\n\t\t\r\n\t\t<div class=\"cms-section-boxed-bg\"><\/div>        <div class=\"elementor-container elementor-column-gap-default\" >\r\n\t\t        <div class=\"elementor-column elementor-col-100 elementor-top-column elementor-element elementor-element-f054669\" data-id=\"f054669\" data-element_type=\"column\" data-e-type=\"column\">\r\n            <div class=\"elementor-widget-wrap elementor-element-populated\">\r\n                \t\t<div class=\"elementor-element elementor-element-ee42dc5 elementor-widget elementor-widget-heading\" data-id=\"ee42dc5\" data-element_type=\"widget\" data-e-type=\"widget\" data-widget_type=\"heading.default\">\n\t\t\t\t<div class=\"elementor-widget-container\">\n\t\t\t\t\t<h2 class=\"elementor-heading-title elementor-size-default\">\u00a0Synth\u00e8se des Assises Fran\u00e7aises de l'Agrivolta\u00efsme \u2013 Palais des Congr\u00e8s de Dijon, 13 f\u00e9vrier 2025\u00a0<\/h2>\t\t\t\t<\/div>\n\t\t\t\t<\/div>\n\t\t            <\/div>\r\n        <\/div>\r\n        \t\t\t<\/div>\r\n\t\t<\/section>\r\n\t\t        <section class=\"elementor-section elementor-top-section elementor-element elementor-element-18097b8 elementor-section-boxed elementor-section-height-default elementor-section-height-default cms-boxed-bg-false\" data-id=\"18097b8\" data-element_type=\"section\" data-e-type=\"section\">\r\n\t\t\r\n\t\t<div class=\"cms-section-boxed-bg\"><\/div>        <div class=\"elementor-container elementor-column-gap-default\" >\r\n\t\t        <div class=\"elementor-column elementor-col-100 elementor-top-column elementor-element elementor-element-a60e779\" data-id=\"a60e779\" data-element_type=\"column\" data-e-type=\"column\">\r\n            <div class=\"elementor-widget-wrap elementor-element-populated\">\r\n                \t\t<div class=\"elementor-element elementor-element-4a0aa16 elementor-widget elementor-widget-heading\" data-id=\"4a0aa16\" data-element_type=\"widget\" data-e-type=\"widget\" data-widget_type=\"heading.default\">\n\t\t\t\t<div class=\"elementor-widget-container\">\n\t\t\t\t\t<h3 class=\"elementor-heading-title elementor-size-default\">Les Assises Fran\u00e7aises de l'Agrivolta\u00efsme, organis\u00e9es par la F\u00e9d\u00e9ration Fran\u00e7aise des Producteurs Agrivolta\u00efques (FFPA), ont r\u00e9uni un large \u00e9ventail d'acteurs du secteur agricole et \u00e9nerg\u00e9tique au Palais des Congr\u00e8s de Dijon. Cette rencontre a \u00e9t\u00e9 marqu\u00e9e par des \u00e9changes riches et parfois passionn\u00e9s sur les enjeux r\u00e9glementaires, et \u00e9conomiques li\u00e9s \u00e0 l'agrivolta\u00efsme.&nbsp;<\/h3>\t\t\t\t<\/div>\n\t\t\t\t<\/div>\n\t\t\t\t<div class=\"elementor-element elementor-element-1e3ac0c elementor-widget elementor-widget-text-editor\" data-id=\"1e3ac0c\" data-element_type=\"widget\" data-e-type=\"widget\" data-widget_type=\"text-editor.default\">\n\t\t\t\t<div class=\"elementor-widget-container\">\n\t\t\t\t\t\t\t\t\t<p>\u00a0<\/p><p><b>1. Remettre le bon sens agricole au coeur des projets agrivolta\u00efques<span class=\"Apple-converted-space\">\u00a0<\/span><\/b><b><\/b><\/p><p>Cette session a r\u00e9uni trois agriculteurs engag\u00e9s dans des projets agrivolta\u00efques : Jean-Philippe Delacre, agriculteur \u00e0 Channay, Christian Courtier, agriculteur en Haute-Marne, et Jean-Philippe Frossard, agriculteur en Haute-Marne, qui pilote le projet O P\u00e2turage. Ce dernier, un projet ambitieux visant \u00e0 introduire l&#8217;\u00e9levage ovin sur sa ferme afin de diversifier sa production et d\u2019optimiser l\u2019utilisation de ses terres tout en int\u00e9grant l\u2019agriculture photovolta\u00efque, se heurte toutefois \u00e0 des obstacles administratifs majeurs. Apr\u00e8s plus de 5 \u00e0 6 ans de d\u00e9veloppement, les agriculteurs sont de plus en plus d\u00e9courag\u00e9s par la lenteur des proc\u00e9dures et l&#8217;absence d\u2019avanc\u00e9e concr\u00e8te. Le parc, pourtant soutenu par plusieurs partenaires, n\u2019a toujours pas vu le jour, faute de l&#8217;accord n\u00e9cessaire pour d\u00e9buter l&#8217;enqu\u00eate publique. Ces retards prolong\u00e9s ont \u00e9puis\u00e9 l&#8217;enthousiasme des porteurs du projet, qui d\u00e9noncent une bureaucratie qui freine l\u2019innovation.<span class=\"Apple-converted-space\">\u00a0<\/span><\/p><p>Les \u00e9changes ont soulign\u00e9 l&#8217;importance d&#8217;une approche pragmatique qui respecte les r\u00e9alit\u00e9s agricoles. Jean-Philippe Frossard a insist\u00e9 sur le potentiel de l&#8217;agrivolta\u00efsme pour optimiser les ressources et les cultures, en particulier dans les zones interm\u00e9diaires, o\u00f9 cette technique pourrait repr\u00e9senter une v\u00e9ritable opportunit\u00e9 pour une agriculture plus r\u00e9siliente et durable.<span class=\"Apple-converted-space\">\u00a0<\/span><\/p><p><b>2. Une proposition de loi pour encadrer davantage l&#8217;agrivolta\u00efsme<span class=\"Apple-converted-space\">\u00a0<\/span><\/b><b><\/b><\/p><p>La table ronde consacr\u00e9e \u00e0 l\u2019encadrement l\u00e9gislatif a r\u00e9uni plusieurs acteurs cl\u00e9s, dont les d\u00e9put\u00e9s Pascal Lecamp et Jean-Luc Fugit, Ma\u00eetre Diane Mouratoglou, avocate sp\u00e9cialis\u00e9e en droit rural, ainsi que Ma\u00eetre Guillaume Lorisson, notaire. Pascal Lecamp, porteur d\u2019une proposition de loi sur l\u2019agrivolta\u00efsme, a expos\u00e9 son projet visant \u00e0 structurer davantage la fili\u00e8re, notamment par une limitation de la puissance install\u00e9e par exploitation agricole \u00e0 5 MW et par une contractualisation uniforme et impos\u00e9e.<span class=\"Apple-converted-space\">\u00a0<\/span><\/p><p>Cependant, loin de faire l\u2019unanimit\u00e9, cette mesure a suscit\u00e9 une forte opposition. Pascal Lecamp s\u2019est retrouv\u00e9 isol\u00e9 face aux critiques unanimes des autres intervenants, qui ont identifi\u00e9 des obstacles majeurs au d\u00e9veloppement de l\u2019agrivolta\u00efsme en France :<span class=\"Apple-converted-space\">\u00a0<\/span><\/p><ul><li>La limitation de puissance des projets, qui cantonne les installations \u00e0 de petites unit\u00e9s pr\u00e8s des postes sources, rendant les projets \u00e9conomiquement et agronomiquement peu viables.<span class=\"Apple-converted-space\">\u00a0<\/span><\/li><li>Une contractualisation inadapt\u00e9e, ajoutant des contraintes administratives inutiles alors que le droit notari\u00e9, comme l\u2019a soulign\u00e9 Ma\u00eetre Diane Mouratoglou, offre d\u00e9j\u00e0 un cadre clair et s\u00e9curis\u00e9 pour ces projets.<span class=\"Apple-converted-space\">\u00a0<\/span><\/li><\/ul><p>Face \u00e0 ces critiques, la n\u00e9cessit\u00e9 d\u2019un cadre l\u00e9gislatif stable a \u00e9t\u00e9 reconnue, mais plusieurs intervenants ont alert\u00e9 sur le risque d\u2019un exc\u00e8s de r\u00e9glementation qui entraverait l\u2019innovation et freinerait les projets en cours. Diane Mouratoglou et Michel Le Pape ont notamment mis en garde contre un &#8220;moratoire d\u00e9guis\u00e9&#8221;, o\u00f9 l\u2019accumulation de contraintes administratives et fiscales ralentirait consid\u00e9rablement le d\u00e9veloppement de l\u2019agrivolta\u00efsme, au d\u00e9triment des agriculteurs et des objectifs de transition \u00e9nerg\u00e9tique.<span class=\"Apple-converted-space\">\u00a0<\/span><\/p><p><b>3. L&#8217;agrivolta\u00efsme comme levier de d\u00e9veloppement \u00e9conomique et social<span class=\"Apple-converted-space\">\u00a0<\/span><\/b><b><\/b><\/p><p>Fr\u00e9d\u00e9ric Imbert, directeur d\u2019AgrOnov, Bertrand Aucordonnier, repr\u00e9sentant de l&#8217;ADEME, et Abraham Escobar-Guti\u00e9rrez, de l&#8217;INRAE, ont soulign\u00e9 les contributions essentielles de l&#8217;agrivolta\u00efsme en termes de diversification des revenus agricoles et de s\u00e9curisation des exploitations face aux al\u00e9as climatiques. Toutefois, ils ont pr\u00e9cis\u00e9 que l&#8217;agrivolta\u00efsme ne saurait \u00e0 lui seul r\u00e9soudre les d\u00e9fis pos\u00e9s par le changement climatique. Ils ont plaid\u00e9 pour une approche int\u00e9gr\u00e9e qui combine l&#8217;agrivolta\u00efsme avec une modernisation des itin\u00e9raires culturaux, permettant de produire des cultures mieux adapt\u00e9es aux nouvelles conditions climatiques et aux impacts de l&#8217;implantation de panneaux photovolta\u00efques.<span class=\"Apple-converted-space\">\u00a0<\/span><\/p><p>Des exp\u00e9rimentations men\u00e9es par Dijon C\u00e9r\u00e9ales et l&#8217;INRAE, depuis plus de dix ans, visent \u00e0 identifier les cultures les plus adapt\u00e9es \u00e0 ces conditions agricoles nouvelles, notamment celles qui b\u00e9n\u00e9ficient de l&#8217;ombre g\u00e9n\u00e9r\u00e9e par les panneaux photovolta\u00efques.<span class=\"Apple-converted-space\">\u00a0<\/span><\/p><p><b>4. L&#8217;agrivolta\u00efsme, une \u00e9nergie de territoire<span class=\"Apple-converted-space\">\u00a0<\/span><\/b><b><\/b><\/p><p>Cette session a r\u00e9uni plusieurs personnalit\u00e9s politiques et institutionnelles, dont Fran\u00e7ois Patriat, s\u00e9nateur de C\u00f4te-d\u2019Or, Vincent Lavier, pr\u00e9sident de la Chambre d\u2019Agriculture de la C\u00f4te-d&#8217;Or, Christophe Richardot, directeur g\u00e9n\u00e9ral de Dijon C\u00e9r\u00e9ales, et Paul Mourier, pr\u00e9fet de la C\u00f4te-d&#8217;Or et de la r\u00e9gion Bourgogne-Franche-Comt\u00e9. Les \u00e9changes ont mis en avant la n\u00e9cessit\u00e9 d\u2019une gouvernance locale forte pour assurer une implantation coh\u00e9rente des projets agrivolta\u00efques, en int\u00e9grant les agriculteurs d\u00e8s les premi\u00e8res \u00e9tapes de conception.<span class=\"Apple-converted-space\">\u00a0<\/span><\/p><p>Paul Mourier a soulign\u00e9 l\u2019importance d\u2019une concertation transparente et continue entre tous les acteurs concern\u00e9s \u2014 \u00e9lus, riverains, administrations \u2014 afin d\u2019anticiper et d\u00e9samorcer les tensions, garantissant ainsi une acceptabilit\u00e9 locale des projets. Il a \u00e9galement insist\u00e9 sur le fait que tout projet agrivolta\u00efque devait \u00eatre interrompu imm\u00e9diatement en cas d&#8217;objections l\u00e9gitimes, qu&#8217;elles soient patrimoniales,<span class=\"Apple-converted-space\">\u00a0<\/span><\/p><p>environnementales ou politiques. Enfin, il a rappel\u00e9 que les projets situ\u00e9s en dehors des zones agricoles jug\u00e9es \u00ab satisfaisantes \u00bb ou \u00ab m\u00e9diocres \u00bb devaient \u00eatre syst\u00e9matiquement exclus des dispositifs de soutien.<span class=\"Apple-converted-space\">\u00a0<\/span><\/p><p>Les interventions ont soulign\u00e9 l&#8217;absence d&#8217;un cadre r\u00e9glementaire homog\u00e8ne \u00e0 l&#8217;\u00e9chelle nationale, un facteur qui peut \u00eatre per\u00e7u \u00e0 la fois comme une opportunit\u00e9 et un obstacle pour le d\u00e9veloppement de l\u2019agrivolta\u00efsme. D\u2019un c\u00f4t\u00e9, cette flexibilit\u00e9 permet une adaptation aux r\u00e9alit\u00e9s locales, en prenant en compte les sp\u00e9cificit\u00e9s agricoles, climatiques et \u00e9conomiques propres \u00e0 chaque territoire. De l\u2019autre, elle engendre une grande disparit\u00e9 dans l&#8217;application des r\u00e8gles, cr\u00e9ant une ins\u00e9curit\u00e9 pour les porteurs de projets et ralentissant l\u2019essor de la fili\u00e8re.<span class=\"Apple-converted-space\">\u00a0<\/span><\/p><p>Tous les intervenants se sont accord\u00e9s sur un point : l&#8217;absence d\u2019un guide national d\u2019instruction constitue un v\u00e9ritable frein. Sans cadre de r\u00e9f\u00e9rence clair, les r\u00e9glementations en vigueur sont sujettes \u00e0 des interpr\u00e9tations divergentes selon les territoires, donnant lieu \u00e0 des d\u00e9cisions incoh\u00e9rentes et parfois arbitraires<span class=\"Apple-converted-space\">\u00a0<\/span><\/p><p>Ce constat souligne l\u2019urgence d\u2019\u00e9tablir un cadre r\u00e9glementaire clair et uniforme, garantissant un d\u00e9veloppement \u00e9quilibr\u00e9 de l\u2019agrivolta\u00efsme sur l\u2019ensemble du territoire.<span class=\"Apple-converted-space\">\u00a0<\/span><\/p><p><b>5. Le partage de la valeur : garantir une r\u00e9partition \u00e9quitable<span class=\"Apple-converted-space\">\u00a0<\/span><\/b><b><\/b><\/p><p>Lors de cette session, Hugues Trameau, vice-pr\u00e9sident de la FFPA, Arnaud Delestre de l&#8217;APCA, Pierre Guerrier de la Plateforme Verte et Jean-Luc Didier de la Coordination Rurale ont discut\u00e9 du partage des b\u00e9n\u00e9fices g\u00e9n\u00e9r\u00e9s par les projets agrivolta\u00efques. Le d\u00e9bat a r\u00e9v\u00e9l\u00e9 des divergences sur la mani\u00e8re de r\u00e9partir les retomb\u00e9es financi\u00e8res. Certains plaident pour un partage \u00e9quitable entre tous les acteurs locaux, soulignant les effets positifs sur le tissu agricole r\u00e9gional, tandis que d\u2019autres estiment que les b\u00e9n\u00e9fices devraient principalement revenir \u00e0 l&#8217;exploitant et au propri\u00e9taire des terres, \u00e9tant donn\u00e9 les risques et les contraintes sp\u00e9cifiques qu&#8217;ils assument.<span class=\"Apple-converted-space\">\u00a0<\/span><\/p><p>En outre, la Coordination Rurale a sugg\u00e9r\u00e9 que la superficie des projets agrivolta\u00efques ne d\u00e9passe pas 70 hectares, afin de pr\u00e9server l&#8217;\u00e9quilibre avec l&#8217;agriculture traditionnelle et \u00e9viter une concentration excessive de terres sous exploitation agrivolta\u00efque.<span class=\"Apple-converted-space\">\u00a0<\/span><\/p><p><b>6. Des perspectives et des interrogations<span class=\"Apple-converted-space\">\u00a0<\/span><\/b><b><\/b><\/p><p>Le d\u00e9bat a \u00e9galement mis en lumi\u00e8re des inqui\u00e9tudes quant \u00e0 une r\u00e9glementation jug\u00e9e trop contraignante. Diane Mouratoglou a averti sur le risque d&#8217;un \u00ab moratoire d\u00e9guis\u00e9 \u00bb, tandis que Michel Le Pape de la Coordination Rurale a plaid\u00e9 pour une approche plus flexible permettant un d\u00e9veloppement rapide des projets. La pr\u00e9sidente de la FFPA, Audrey Juillac, a appel\u00e9 \u00e0 un cadre l\u00e9gislatif souple, permettant aux agriculteurs d\u2019exploiter pleinement le potentiel de l\u2019agrivolta\u00efsme tout en pr\u00e9servant leur activit\u00e9 principale.<span class=\"Apple-converted-space\">\u00a0<\/span><\/p><p>Didier Lenoir, de Dijon C\u00e9r\u00e9ales, a quant \u00e0 lui insist\u00e9 sur la n\u00e9cessit\u00e9 d\u2019adopter des pratiques agricoles innovantes et de g\u00e9rer de mani\u00e8re optimale les rendements et les besoins en irrigation dans ce nouveau contexte.<span class=\"Apple-converted-space\">\u00a0<\/span><\/p><p><b>Conclusion .<span class=\"Apple-converted-space\">\u00a0<\/span><\/b><b><\/b><\/p><p>Les Assises Fran\u00e7aises de l&#8217;Agrivolta\u00efsme ont permis de mettre en lumi\u00e8re les enjeux strat\u00e9giques et les d\u00e9fis auxquels la fili\u00e8re fait face. Le besoin d&#8217;encadrement l\u00e9gislatif est reconnu, mais les modalit\u00e9s de sa mise en oeuvre font encore l&#8217;objet de nombreux d\u00e9bats. \u00c0 mesure que la proposition de loi \u00e9volue, des amendements seront n\u00e9cessaires pour trouver un \u00e9quilibre entre r\u00e9gulation, innovation et d\u00e9veloppement durable. Les discussions devront se poursuivre pour garantir que l\u2019agrivolta\u00efsme devienne un v\u00e9ritable moteur de la transition \u00e9nerg\u00e9tique et agricole en France, tout en pr\u00e9servant la viabilit\u00e9 des exploitations agricoles.<span class=\"Apple-converted-space\">\u00a0<\/span><\/p><p>Cependant, il est regrettable que des \u00e9lus locaux, tels que des maires, des pr\u00e9sidents de d\u00e9partements ou de r\u00e9gions, aient \u00e9t\u00e9 absents des tables rondes. Christian Morel, 13e vice-pr\u00e9sident de la r\u00e9gion Bourgogne-Franche-Comt\u00e9, en charge de l\u2019agriculture, de la viticulture et de l\u2019agroalimentaire, bien qu\u2019ayant d\u00e9clin\u00e9 l\u2019invitation \u00e0 participer aux discussions, a fait le d\u00e9placement l\u2019apr\u00e8s-midi et a soulign\u00e9 l&#8217;absence d\u2019\u00e9lus locaux lors des \u00e9changes. Cette remarque, bien que soulevant une question pertinente sur le manque de repr\u00e9sentation locale, semble quelque peu paradoxale, dans la mesure o\u00f9 M. Morel avait lui-m\u00eame choisi de ne pas participer \u00e0 une table ronde. N\u00e9anmoins, elle met en \u00e9vidence l&#8217;importance d&#8217;une repr\u00e9sentation locale active dans les d\u00e9bats sur l\u2019agrivolta\u00efsme, puisque ces projets ont un impact direct sur les territoires et les communaut\u00e9s.<span class=\"Apple-converted-space\">\u00a0<\/span><\/p><p>Dans cette optique, nous concernant, il est essentiel de rester vigilants quant aux orientations l\u00e9gislatives qui seront prises et de diversifier le profil de nos projets. L&#8217;objectif doit \u00eatre d&#8217;\u00e9viter de se limiter \u00e0 l&#8217;agrivolta\u00efsme seul et de garantir une approche plus globale et inclusive, capable de r\u00e9pondre aux besoins sp\u00e9cifiques de chaque territoire tout en favorisant un d\u00e9veloppement durable et \u00e9quilibr\u00e9.<span class=\"Apple-converted-space\">\u00a0<\/span><\/p>\t\t\t\t\t\t\t\t<\/div>\n\t\t\t\t<\/div>\n\t\t            <\/div>\r\n        <\/div>\r\n        \t\t\t<\/div>\r\n\t\t<\/section>\r\n\t\t\t\t<\/div>","protected":false},"excerpt":{"rendered":"<p>\u00a0Synth\u00e8se des Assises Fran\u00e7aises de l&#8217;Agrivolta\u00efsme \u2013 Palais des Congr\u00e8s de Dijon, 13 f\u00e9vrier 2025 Les Assises Fran\u00e7aises de l&#8217;Agrivolta\u00efsme, organis\u00e9es par la F\u00e9d\u00e9ration Fran\u00e7aise des Producteurs Agrivolta\u00efques (FFPA), ont r\u00e9uni un large \u00e9ventail d&#8217;acteurs du secteur agricole et \u00e9nerg\u00e9tique au Palais des Congr\u00e8s de Dijon. Cette rencontre a \u00e9t\u00e9 marqu\u00e9e par des \u00e9changes riches [&hellip;]<\/p>\n","protected":false},"author":1,"featured_media":7803,"comment_status":"closed","ping_status":"open","sticky":false,"template":"","format":"standard","meta":{"_coblocks_attr":"","_coblocks_dimensions":"","_coblocks_responsive_height":"","_coblocks_accordion_ie_support":"","footnotes":""},"categories":[55,53],"tags":[],"class_list":["post-7802","post","type-post","status-publish","format-standard","has-post-thumbnail","hentry","category-agri","category-apal-mw","cms-has-post-thumbnail"],"yoast_head":"<!-- This site is optimized with the Yoast SEO plugin v27.5 - https:\/\/yoast.com\/product\/yoast-seo-wordpress\/ -->\n<title>\u00a0Synth\u00e8se des Assises Fran\u00e7aises de l&#039;Agrivolta\u00efsme - APAL MW<\/title>\n<meta name=\"description\" content=\"Les Assises Fran\u00e7aises de l&#039;Agrivolta\u00efsme sont un \u00e9v\u00e9nement majeur organis\u00e9 par la F\u00e9d\u00e9ration Fran\u00e7aise des Producteurs Agrivolta\u00efques.\" \/>\n<meta name=\"robots\" content=\"index, follow, max-snippet:-1, max-image-preview:large, max-video-preview:-1\" \/>\n<link rel=\"canonical\" href=\"https:\/\/apalmw.com\/en\/assises-cote-d-or\/\" \/>\n<meta property=\"og:locale\" content=\"en_US\" \/>\n<meta property=\"og:type\" content=\"article\" \/>\n<meta property=\"og:title\" content=\"\u00a0Synth\u00e8se des Assises Fran\u00e7aises de l&#039;Agrivolta\u00efsme - APAL MW\" \/>\n<meta property=\"og:description\" content=\"Les Assises Fran\u00e7aises de l&#039;Agrivolta\u00efsme sont un \u00e9v\u00e9nement majeur organis\u00e9 par la F\u00e9d\u00e9ration Fran\u00e7aise des Producteurs Agrivolta\u00efques.\" \/>\n<meta property=\"og:url\" content=\"https:\/\/apalmw.com\/en\/assises-cote-d-or\/\" \/>\n<meta property=\"og:site_name\" content=\"APAL MW\" \/>\n<meta property=\"article:author\" content=\"https:\/\/www.facebook.com\/profile.php?id=61583036103410\" \/>\n<meta property=\"article:published_time\" content=\"2025-02-20T19:07:28+00:00\" \/>\n<meta property=\"article:modified_time\" content=\"2025-04-18T09:55:18+00:00\" \/>\n<meta property=\"og:image\" content=\"https:\/\/apalmw.com\/wp-content\/uploads\/2025\/02\/assises.webp\" \/>\n\t<meta property=\"og:image:width\" content=\"843\" \/>\n\t<meta property=\"og:image:height\" content=\"306\" \/>\n\t<meta property=\"og:image:type\" content=\"image\/webp\" \/>\n<meta name=\"author\" content=\"apal_mw\" \/>\n<meta name=\"twitter:card\" content=\"summary_large_image\" \/>\n<meta name=\"twitter:label1\" content=\"Written by\" \/>\n\t<meta name=\"twitter:data1\" content=\"apal_mw\" \/>\n\t<meta name=\"twitter:label2\" content=\"Est. reading time\" \/>\n\t<meta name=\"twitter:data2\" content=\"9 minutes\" \/>\n<script type=\"application\/ld+json\" class=\"yoast-schema-graph\">{\"@context\":\"https:\\\/\\\/schema.org\",\"@graph\":[{\"@type\":\"Article\",\"@id\":\"https:\\\/\\\/apalmw.com\\\/assises-cote-d-or\\\/#article\",\"isPartOf\":{\"@id\":\"https:\\\/\\\/apalmw.com\\\/assises-cote-d-or\\\/\"},\"author\":{\"name\":\"apal_mw\",\"@id\":\"https:\\\/\\\/apalmw.com\\\/#\\\/schema\\\/person\\\/c8ad8831c9e665b93c2d396cb7deaba3\"},\"headline\":\"\u00a0Synth\u00e8se des Assises Fran\u00e7aises de l&#8217;Agrivolta\u00efsme\",\"datePublished\":\"2025-02-20T19:07:28+00:00\",\"dateModified\":\"2025-04-18T09:55:18+00:00\",\"mainEntityOfPage\":{\"@id\":\"https:\\\/\\\/apalmw.com\\\/assises-cote-d-or\\\/\"},\"wordCount\":1806,\"publisher\":{\"@id\":\"https:\\\/\\\/apalmw.com\\\/#organization\"},\"image\":{\"@id\":\"https:\\\/\\\/apalmw.com\\\/assises-cote-d-or\\\/#primaryimage\"},\"thumbnailUrl\":\"https:\\\/\\\/apalmw.com\\\/wp-content\\\/uploads\\\/2025\\\/02\\\/assises.webp\",\"articleSection\":[\"Agrivolta\u00efsme\",\"APAL MW\"],\"inLanguage\":\"en-US\"},{\"@type\":\"WebPage\",\"@id\":\"https:\\\/\\\/apalmw.com\\\/assises-cote-d-or\\\/\",\"url\":\"https:\\\/\\\/apalmw.com\\\/assises-cote-d-or\\\/\",\"name\":\"\u00a0Synth\u00e8se des Assises Fran\u00e7aises de l'Agrivolta\u00efsme - APAL MW\",\"isPartOf\":{\"@id\":\"https:\\\/\\\/apalmw.com\\\/#website\"},\"primaryImageOfPage\":{\"@id\":\"https:\\\/\\\/apalmw.com\\\/assises-cote-d-or\\\/#primaryimage\"},\"image\":{\"@id\":\"https:\\\/\\\/apalmw.com\\\/assises-cote-d-or\\\/#primaryimage\"},\"thumbnailUrl\":\"https:\\\/\\\/apalmw.com\\\/wp-content\\\/uploads\\\/2025\\\/02\\\/assises.webp\",\"datePublished\":\"2025-02-20T19:07:28+00:00\",\"dateModified\":\"2025-04-18T09:55:18+00:00\",\"description\":\"Les Assises Fran\u00e7aises de l'Agrivolta\u00efsme sont un \u00e9v\u00e9nement majeur organis\u00e9 par la F\u00e9d\u00e9ration Fran\u00e7aise des Producteurs Agrivolta\u00efques.\",\"breadcrumb\":{\"@id\":\"https:\\\/\\\/apalmw.com\\\/assises-cote-d-or\\\/#breadcrumb\"},\"inLanguage\":\"en-US\",\"potentialAction\":[{\"@type\":\"ReadAction\",\"target\":[\"https:\\\/\\\/apalmw.com\\\/assises-cote-d-or\\\/\"]}]},{\"@type\":\"ImageObject\",\"inLanguage\":\"en-US\",\"@id\":\"https:\\\/\\\/apalmw.com\\\/assises-cote-d-or\\\/#primaryimage\",\"url\":\"https:\\\/\\\/apalmw.com\\\/wp-content\\\/uploads\\\/2025\\\/02\\\/assises.webp\",\"contentUrl\":\"https:\\\/\\\/apalmw.com\\\/wp-content\\\/uploads\\\/2025\\\/02\\\/assises.webp\",\"width\":843,\"height\":306,\"caption\":\"Les Assises Fran\u00e7aises de l\u2019Agrivolta\u00efsme sont un \u00e9v\u00e9nement majeur pour discuter de l'avenir de l'agrivolta\u00efsme en France.\"},{\"@type\":\"BreadcrumbList\",\"@id\":\"https:\\\/\\\/apalmw.com\\\/assises-cote-d-or\\\/#breadcrumb\",\"itemListElement\":[{\"@type\":\"ListItem\",\"position\":1,\"name\":\"Accueil\",\"item\":\"https:\\\/\\\/apalmw.com\\\/\"},{\"@type\":\"ListItem\",\"position\":2,\"name\":\"\u00a0Synth\u00e8se des Assises Fran\u00e7aises de l&#8217;Agrivolta\u00efsme\"}]},{\"@type\":\"WebSite\",\"@id\":\"https:\\\/\\\/apalmw.com\\\/#website\",\"url\":\"https:\\\/\\\/apalmw.com\\\/\",\"name\":\"APAL MW\",\"description\":\"Ensemble vers l&#039;\u00e9nergie de demain\",\"publisher\":{\"@id\":\"https:\\\/\\\/apalmw.com\\\/#organization\"},\"alternateName\":\"APAL\",\"potentialAction\":[{\"@type\":\"SearchAction\",\"target\":{\"@type\":\"EntryPoint\",\"urlTemplate\":\"https:\\\/\\\/apalmw.com\\\/?s={search_term_string}\"},\"query-input\":{\"@type\":\"PropertyValueSpecification\",\"valueRequired\":true,\"valueName\":\"search_term_string\"}}],\"inLanguage\":\"en-US\"},{\"@type\":\"Organization\",\"@id\":\"https:\\\/\\\/apalmw.com\\\/#organization\",\"name\":\"APAL MW\",\"alternateName\":\"APALMW\",\"url\":\"https:\\\/\\\/apalmw.com\\\/\",\"logo\":{\"@type\":\"ImageObject\",\"inLanguage\":\"en-US\",\"@id\":\"https:\\\/\\\/apalmw.com\\\/#\\\/schema\\\/logo\\\/image\\\/\",\"url\":\"\",\"contentUrl\":\"\",\"caption\":\"APAL MW\"},\"image\":{\"@id\":\"https:\\\/\\\/apalmw.com\\\/#\\\/schema\\\/logo\\\/image\\\/\"},\"sameAs\":[\"https:\\\/\\\/fr.linkedin.com\\\/company\\\/apal-mw\",\"https:\\\/\\\/www.youtube.com\\\/@APALMW\"]},{\"@type\":\"Person\",\"@id\":\"https:\\\/\\\/apalmw.com\\\/#\\\/schema\\\/person\\\/c8ad8831c9e665b93c2d396cb7deaba3\",\"name\":\"apal_mw\",\"image\":{\"@type\":\"ImageObject\",\"inLanguage\":\"en-US\",\"@id\":\"https:\\\/\\\/secure.gravatar.com\\\/avatar\\\/e72f9485464a294f5b3a53988918fd0d57f2abce487c0e34b1b9192e01388adb?s=96&d=mm&r=g\",\"url\":\"https:\\\/\\\/secure.gravatar.com\\\/avatar\\\/e72f9485464a294f5b3a53988918fd0d57f2abce487c0e34b1b9192e01388adb?s=96&d=mm&r=g\",\"contentUrl\":\"https:\\\/\\\/secure.gravatar.com\\\/avatar\\\/e72f9485464a294f5b3a53988918fd0d57f2abce487c0e34b1b9192e01388adb?s=96&d=mm&r=g\",\"caption\":\"apal_mw\"},\"sameAs\":[\"https:\\\/\\\/apalmw.com\",\"https:\\\/\\\/www.facebook.com\\\/profile.php?id=61583036103410\",\"https:\\\/\\\/www.instagram.com\\\/apal_mw\",\"https:\\\/\\\/www.linkedin.com\\\/company\\\/apal-mw\",\"https:\\\/\\\/www.youtube.com\\\/@APALMW\"],\"url\":\"https:\\\/\\\/apalmw.com\\\/en\\\/author\\\/apalmwnicolas\\\/\"}]}<\/script>\n<!-- \/ Yoast SEO plugin. -->","yoast_head_json":{"title":"\u00a0Synth\u00e8se des Assises Fran\u00e7aises de l'Agrivolta\u00efsme - APAL MW","description":"Les Assises Fran\u00e7aises de l'Agrivolta\u00efsme sont un \u00e9v\u00e9nement majeur organis\u00e9 par la F\u00e9d\u00e9ration Fran\u00e7aise des Producteurs Agrivolta\u00efques.","robots":{"index":"index","follow":"follow","max-snippet":"max-snippet:-1","max-image-preview":"max-image-preview:large","max-video-preview":"max-video-preview:-1"},"canonical":"https:\/\/apalmw.com\/en\/assises-cote-d-or\/","og_locale":"en_US","og_type":"article","og_title":"\u00a0Synth\u00e8se des Assises Fran\u00e7aises de l'Agrivolta\u00efsme - APAL MW","og_description":"Les Assises Fran\u00e7aises de l'Agrivolta\u00efsme sont un \u00e9v\u00e9nement majeur organis\u00e9 par la F\u00e9d\u00e9ration Fran\u00e7aise des Producteurs Agrivolta\u00efques.","og_url":"https:\/\/apalmw.com\/en\/assises-cote-d-or\/","og_site_name":"APAL MW","article_author":"https:\/\/www.facebook.com\/profile.php?id=61583036103410","article_published_time":"2025-02-20T19:07:28+00:00","article_modified_time":"2025-04-18T09:55:18+00:00","og_image":[{"width":843,"height":306,"url":"https:\/\/apalmw.com\/wp-content\/uploads\/2025\/02\/assises.webp","type":"image\/webp"}],"author":"apal_mw","twitter_card":"summary_large_image","twitter_misc":{"Written by":"apal_mw","Est. reading time":"9 minutes"},"schema":{"@context":"https:\/\/schema.org","@graph":[{"@type":"Article","@id":"https:\/\/apalmw.com\/assises-cote-d-or\/#article","isPartOf":{"@id":"https:\/\/apalmw.com\/assises-cote-d-or\/"},"author":{"name":"apal_mw","@id":"https:\/\/apalmw.com\/#\/schema\/person\/c8ad8831c9e665b93c2d396cb7deaba3"},"headline":"\u00a0Synth\u00e8se des Assises Fran\u00e7aises de l&#8217;Agrivolta\u00efsme","datePublished":"2025-02-20T19:07:28+00:00","dateModified":"2025-04-18T09:55:18+00:00","mainEntityOfPage":{"@id":"https:\/\/apalmw.com\/assises-cote-d-or\/"},"wordCount":1806,"publisher":{"@id":"https:\/\/apalmw.com\/#organization"},"image":{"@id":"https:\/\/apalmw.com\/assises-cote-d-or\/#primaryimage"},"thumbnailUrl":"https:\/\/apalmw.com\/wp-content\/uploads\/2025\/02\/assises.webp","articleSection":["Agrivolta\u00efsme","APAL MW"],"inLanguage":"en-US"},{"@type":"WebPage","@id":"https:\/\/apalmw.com\/assises-cote-d-or\/","url":"https:\/\/apalmw.com\/assises-cote-d-or\/","name":"\u00a0Synth\u00e8se des Assises Fran\u00e7aises de l'Agrivolta\u00efsme - APAL MW","isPartOf":{"@id":"https:\/\/apalmw.com\/#website"},"primaryImageOfPage":{"@id":"https:\/\/apalmw.com\/assises-cote-d-or\/#primaryimage"},"image":{"@id":"https:\/\/apalmw.com\/assises-cote-d-or\/#primaryimage"},"thumbnailUrl":"https:\/\/apalmw.com\/wp-content\/uploads\/2025\/02\/assises.webp","datePublished":"2025-02-20T19:07:28+00:00","dateModified":"2025-04-18T09:55:18+00:00","description":"Les Assises Fran\u00e7aises de l'Agrivolta\u00efsme sont un \u00e9v\u00e9nement majeur organis\u00e9 par la F\u00e9d\u00e9ration Fran\u00e7aise des Producteurs Agrivolta\u00efques.","breadcrumb":{"@id":"https:\/\/apalmw.com\/assises-cote-d-or\/#breadcrumb"},"inLanguage":"en-US","potentialAction":[{"@type":"ReadAction","target":["https:\/\/apalmw.com\/assises-cote-d-or\/"]}]},{"@type":"ImageObject","inLanguage":"en-US","@id":"https:\/\/apalmw.com\/assises-cote-d-or\/#primaryimage","url":"https:\/\/apalmw.com\/wp-content\/uploads\/2025\/02\/assises.webp","contentUrl":"https:\/\/apalmw.com\/wp-content\/uploads\/2025\/02\/assises.webp","width":843,"height":306,"caption":"Les Assises Fran\u00e7aises de l\u2019Agrivolta\u00efsme sont un \u00e9v\u00e9nement majeur pour discuter de l'avenir de l'agrivolta\u00efsme en France."},{"@type":"BreadcrumbList","@id":"https:\/\/apalmw.com\/assises-cote-d-or\/#breadcrumb","itemListElement":[{"@type":"ListItem","position":1,"name":"Accueil","item":"https:\/\/apalmw.com\/"},{"@type":"ListItem","position":2,"name":"\u00a0Synth\u00e8se des Assises Fran\u00e7aises de l&#8217;Agrivolta\u00efsme"}]},{"@type":"WebSite","@id":"https:\/\/apalmw.com\/#website","url":"https:\/\/apalmw.com\/","name":"APAL MW","description":"Ensemble vers l&#039;\u00e9nergie de demain","publisher":{"@id":"https:\/\/apalmw.com\/#organization"},"alternateName":"APAL","potentialAction":[{"@type":"SearchAction","target":{"@type":"EntryPoint","urlTemplate":"https:\/\/apalmw.com\/?s={search_term_string}"},"query-input":{"@type":"PropertyValueSpecification","valueRequired":true,"valueName":"search_term_string"}}],"inLanguage":"en-US"},{"@type":"Organization","@id":"https:\/\/apalmw.com\/#organization","name":"APAL MW","alternateName":"APALMW","url":"https:\/\/apalmw.com\/","logo":{"@type":"ImageObject","inLanguage":"en-US","@id":"https:\/\/apalmw.com\/#\/schema\/logo\/image\/","url":"","contentUrl":"","caption":"APAL MW"},"image":{"@id":"https:\/\/apalmw.com\/#\/schema\/logo\/image\/"},"sameAs":["https:\/\/fr.linkedin.com\/company\/apal-mw","https:\/\/www.youtube.com\/@APALMW"]},{"@type":"Person","@id":"https:\/\/apalmw.com\/#\/schema\/person\/c8ad8831c9e665b93c2d396cb7deaba3","name":"apal_mw","image":{"@type":"ImageObject","inLanguage":"en-US","@id":"https:\/\/secure.gravatar.com\/avatar\/e72f9485464a294f5b3a53988918fd0d57f2abce487c0e34b1b9192e01388adb?s=96&d=mm&r=g","url":"https:\/\/secure.gravatar.com\/avatar\/e72f9485464a294f5b3a53988918fd0d57f2abce487c0e34b1b9192e01388adb?s=96&d=mm&r=g","contentUrl":"https:\/\/secure.gravatar.com\/avatar\/e72f9485464a294f5b3a53988918fd0d57f2abce487c0e34b1b9192e01388adb?s=96&d=mm&r=g","caption":"apal_mw"},"sameAs":["https:\/\/apalmw.com","https:\/\/www.facebook.com\/profile.php?id=61583036103410","https:\/\/www.instagram.com\/apal_mw","https:\/\/www.linkedin.com\/company\/apal-mw","https:\/\/www.youtube.com\/@APALMW"],"url":"https:\/\/apalmw.com\/en\/author\/apalmwnicolas\/"}]}},"_links":{"self":[{"href":"https:\/\/apalmw.com\/en\/wp-json\/wp\/v2\/posts\/7802","targetHints":{"allow":["GET"]}}],"collection":[{"href":"https:\/\/apalmw.com\/en\/wp-json\/wp\/v2\/posts"}],"about":[{"href":"https:\/\/apalmw.com\/en\/wp-json\/wp\/v2\/types\/post"}],"author":[{"embeddable":true,"href":"https:\/\/apalmw.com\/en\/wp-json\/wp\/v2\/users\/1"}],"replies":[{"embeddable":true,"href":"https:\/\/apalmw.com\/en\/wp-json\/wp\/v2\/comments?post=7802"}],"version-history":[{"count":5,"href":"https:\/\/apalmw.com\/en\/wp-json\/wp\/v2\/posts\/7802\/revisions"}],"predecessor-version":[{"id":8153,"href":"https:\/\/apalmw.com\/en\/wp-json\/wp\/v2\/posts\/7802\/revisions\/8153"}],"wp:featuredmedia":[{"embeddable":true,"href":"https:\/\/apalmw.com\/en\/wp-json\/wp\/v2\/media\/7803"}],"wp:attachment":[{"href":"https:\/\/apalmw.com\/en\/wp-json\/wp\/v2\/media?parent=7802"}],"wp:term":[{"taxonomy":"category","embeddable":true,"href":"https:\/\/apalmw.com\/en\/wp-json\/wp\/v2\/categories?post=7802"},{"taxonomy":"post_tag","embeddable":true,"href":"https:\/\/apalmw.com\/en\/wp-json\/wp\/v2\/tags?post=7802"}],"curies":[{"name":"wp","href":"https:\/\/api.w.org\/{rel}","templated":true}]}}