{"id":6058,"date":"2023-07-05T22:09:11","date_gmt":"2023-07-05T22:09:11","guid":{"rendered":"https:\/\/apalmw.com\/?p=6058"},"modified":"2025-04-18T13:20:26","modified_gmt":"2025-04-18T12:20:26","slug":"acceleration-des-energies-renouvelables","status":"publish","type":"post","link":"https:\/\/apalmw.com\/en\/acceleration-des-energies-renouvelables\/","title":{"rendered":"Acc\u00e9l\u00e9ration des \u00e9nergies renouvelables"},"content":{"rendered":"<div data-elementor-type=\"wp-post\" data-elementor-id=\"6058\" class=\"elementor elementor-6058\" data-elementor-post-type=\"post\">\n\t\t\t\t        <section class=\"elementor-section elementor-top-section elementor-element elementor-element-332d5279 elementor-section-boxed elementor-section-height-default elementor-section-height-default cms-boxed-bg-false\" data-id=\"332d5279\" data-element_type=\"section\" data-e-type=\"section\">\r\n\t\t\r\n\t\t<div class=\"cms-section-boxed-bg\"><\/div>        <div class=\"elementor-container elementor-column-gap-default\" >\r\n\t\t        <div class=\"elementor-column elementor-col-100 elementor-top-column elementor-element elementor-element-5011b559\" data-id=\"5011b559\" data-element_type=\"column\" data-e-type=\"column\">\r\n            <div class=\"elementor-widget-wrap elementor-element-populated\">\r\n                \t\t<div class=\"elementor-element elementor-element-3891a3a elementor-widget elementor-widget-text-editor\" data-id=\"3891a3a\" data-element_type=\"widget\" data-e-type=\"widget\" data-widget_type=\"text-editor.default\">\n\t\t\t\t<div class=\"elementor-widget-container\">\n\t\t\t\t\t\t\t\t\t<p>Acc\u00e9l\u00e9ration des \u00e9nergies renouvelables :<\/p><p>Agn\u00e8s Pannier-Runacher d\u00e9signe plus de 1GW de projets laur\u00e9ats de l&#8217;appel d&#8217;offres \u00e9olien terrestre.<\/p><p class=\"posted\">Le Mercredi 5 juillet 2023 <a href=\"https:\/\/www.ecologie.gouv.fr\/\">(source)<\/a><\/p><div class=\"view-mode-full\"><p class=\"summary chapo\"><strong>La France s\u2019est fix\u00e9 comme objectif d\u2019atteindre une part de 40% d\u2019\u00e9lectricit\u00e9 renouvelable produite en 2030, et plus largement de porter la part des \u00e9nergies renouvelables \u00e0 33% de la consommation finale d\u2019\u00e9nergie \u00e0 cet horizon. Cette politique de d\u00e9veloppement des \u00e9nergies renouvelables \u00e9lectriques a vocation \u00e0 r\u00e9duire nos \u00e9missions de gaz \u00e0 effet de serre d\u2019une part, et \u00e0 augmenter la r\u00e9silience de notre syst\u00e8me \u00e9lectrique d\u2019autre part.<\/strong><\/p><p>Dans cette perspective, Agn\u00e8s Pannier-Runacher, ministre de la Transition \u00e9nerg\u00e9tique, a annonc\u00e9 ce jour avoir retenu 73 dossiers de projets \u00e9oliens dans le cadre d\u2019un appel d\u2019offres sur l\u2019\u00e9olien terrestre. Au total, ces 73 projets laur\u00e9ats repr\u00e9sentent un total de 1 156 MW, pour un prix moyen de 85,29\u20ac\/MWh. On peut estimer que la production annuelle de ces projets, une fois r\u00e9alis\u00e9s, sera de l\u2019ordre de 2,6 TWh, soit la consommation d\u2019environ 500 000 m\u00e9nages.<\/p><\/div><p>Cet appel d\u2019offres \u00e9tait ouvert pour une capacit\u00e9 appel\u00e9e de 925MW. 120 dossiers ont candidat\u00e9, pour une puissance cumul\u00e9e de 1,8 GW. Compte-tenu de cette forte souscription, le minist\u00e8re de la Transition Energ\u00e9tique a d\u00e9cid\u00e9 de d\u00e9signer laur\u00e9ats 73 dossiers, utilisant l\u2019ensemble des flexibilit\u00e9s offertes par le r\u00e9gime d\u2019appel d\u2019offres pour retenir un maximum de projets.<\/p><p>Ce volume de nouveaux projets contribuera \u00e0 l\u2019atteinte de nos objectifs de d\u00e9veloppement de l\u2019\u00e9nergie \u00e9olienne terrestre, qui est indispensable tant pour lutter contre le r\u00e9chauffement climatique que pour garantir la s\u00e9curit\u00e9 d\u2019approvisionnement \u00e9lectrique de la France.<\/p><p>La prochaine p\u00e9riode de l\u2019appel d\u2019offre \u00e9olien terrestre sera ouverte le 9 octobre prochain, pour une puissance appel\u00e9e \u00e0 nouveau de 925MW<\/p><p class=\"citation_content_texte\"><em>\u00ab Avec cet appel d&#8217;offres qui soutient un niveau in\u00e9dit de dossiers d\u2019\u00e9nergies renouvelables, nous faisons la preuve que notre pays est r\u00e9solument engag\u00e9 dans la transition \u00e9nerg\u00e9tique. C&#8217;est autant d&#8217;\u00e9nergie bas carbone et comp\u00e9titive pour les Fran\u00e7ais au service de notre s\u00e9curit\u00e9 d&#8217;approvisionnement, de notre ind\u00e9pendance \u00e9conomique et de notre lutte contre le d\u00e9r\u00e8glement climatique. \u00bb<\/em><\/p><footer><cite class=\"citation_content_auteur\">Agn\u00e8s Pannier-Runacher<\/cite><\/footer>\t\t\t\t\t\t\t\t<\/div>\n\t\t\t\t<\/div>\n\t\t            <\/div>\r\n        <\/div>\r\n        \t\t\t<\/div>\r\n\t\t<\/section>\r\n\t\t\t\t<\/div>","protected":false},"excerpt":{"rendered":"<p>Acc\u00e9l\u00e9ration des \u00e9nergies renouvelables : Agn\u00e8s Pannier-Runacher d\u00e9signe plus de 1GW de projets laur\u00e9ats de l&#8217;appel d&#8217;offres \u00e9olien terrestre Le Mercredi 5 juillet 2023 (source : https:\/\/www.ecologie.gouv.fr\/) La France s\u2019est fix\u00e9 comme objectif d\u2019atteindre une part de 40% d\u2019\u00e9lectricit\u00e9 renouvelable produite en 2030, et plus largement de porter la part des \u00e9nergies renouvelables \u00e0 33% [&hellip;]<\/p>\n","protected":false},"author":1,"featured_media":5849,"comment_status":"closed","ping_status":"closed","sticky":false,"template":"","format":"standard","meta":{"_coblocks_attr":"","_coblocks_dimensions":"","_coblocks_responsive_height":"","_coblocks_accordion_ie_support":"","footnotes":""},"categories":[2,3,5],"tags":[],"class_list":["post-6058","post","type-post","status-publish","format-standard","has-post-thumbnail","hentry","category-energie","category-eolien","category-solaire","cms-has-post-thumbnail"],"yoast_head":"<!-- This site is optimized with the Yoast SEO plugin v27.5 - https:\/\/yoast.com\/product\/yoast-seo-wordpress\/ -->\n<title>Acc\u00e9l\u00e9ration des \u00e9nergies renouvelables - APAL MW<\/title>\n<meta name=\"description\" content=\"L&#039;acc\u00e9l\u00e9ration des ENR: Agn\u00e8s Pannier-Runacher d\u00e9signe plus de 1GW de projets laur\u00e9ats de l\u2019appel d\u2019offres \u00e9olien terrestre.\" \/>\n<meta name=\"robots\" content=\"index, follow, max-snippet:-1, max-image-preview:large, max-video-preview:-1\" \/>\n<link rel=\"canonical\" href=\"https:\/\/apalmw.com\/en\/acceleration-des-energies-renouvelables\/\" \/>\n<meta property=\"og:locale\" content=\"en_US\" \/>\n<meta property=\"og:type\" content=\"article\" \/>\n<meta property=\"og:title\" content=\"Acc\u00e9l\u00e9ration des \u00e9nergies renouvelables - APAL MW\" \/>\n<meta property=\"og:description\" content=\"L&#039;acc\u00e9l\u00e9ration des ENR: Agn\u00e8s Pannier-Runacher d\u00e9signe plus de 1GW de projets laur\u00e9ats de l\u2019appel d\u2019offres \u00e9olien terrestre.\" \/>\n<meta property=\"og:url\" content=\"https:\/\/apalmw.com\/en\/acceleration-des-energies-renouvelables\/\" \/>\n<meta property=\"og:site_name\" content=\"APAL MW\" \/>\n<meta property=\"article:author\" content=\"https:\/\/www.facebook.com\/profile.php?id=61583036103410\" \/>\n<meta property=\"article:published_time\" content=\"2023-07-05T22:09:11+00:00\" \/>\n<meta property=\"article:modified_time\" content=\"2025-04-18T12:20:26+00:00\" \/>\n<meta property=\"og:image\" content=\"https:\/\/apalmw.com\/wp-content\/uploads\/2020\/12\/APAL_MW_energie_solaire_6.jpg\" \/>\n\t<meta property=\"og:image:width\" content=\"1200\" \/>\n\t<meta property=\"og:image:height\" content=\"1200\" \/>\n\t<meta property=\"og:image:type\" content=\"image\/jpeg\" \/>\n<meta name=\"author\" content=\"apal_mw\" \/>\n<meta name=\"twitter:card\" content=\"summary_large_image\" \/>\n<meta name=\"twitter:label1\" content=\"Written by\" \/>\n\t<meta name=\"twitter:data1\" content=\"apal_mw\" \/>\n\t<meta name=\"twitter:label2\" content=\"Est. reading time\" \/>\n\t<meta name=\"twitter:data2\" content=\"2 minutes\" \/>\n<script type=\"application\/ld+json\" class=\"yoast-schema-graph\">{\"@context\":\"https:\\\/\\\/schema.org\",\"@graph\":[{\"@type\":\"Article\",\"@id\":\"https:\\\/\\\/apalmw.com\\\/acceleration-des-energies-renouvelables\\\/#article\",\"isPartOf\":{\"@id\":\"https:\\\/\\\/apalmw.com\\\/acceleration-des-energies-renouvelables\\\/\"},\"author\":{\"name\":\"apal_mw\",\"@id\":\"https:\\\/\\\/apalmw.com\\\/#\\\/schema\\\/person\\\/c8ad8831c9e665b93c2d396cb7deaba3\"},\"headline\":\"Acc\u00e9l\u00e9ration des \u00e9nergies renouvelables\",\"datePublished\":\"2023-07-05T22:09:11+00:00\",\"dateModified\":\"2025-04-18T12:20:26+00:00\",\"mainEntityOfPage\":{\"@id\":\"https:\\\/\\\/apalmw.com\\\/acceleration-des-energies-renouvelables\\\/\"},\"wordCount\":395,\"publisher\":{\"@id\":\"https:\\\/\\\/apalmw.com\\\/#organization\"},\"image\":{\"@id\":\"https:\\\/\\\/apalmw.com\\\/acceleration-des-energies-renouvelables\\\/#primaryimage\"},\"thumbnailUrl\":\"https:\\\/\\\/apalmw.com\\\/wp-content\\\/uploads\\\/2020\\\/12\\\/APAL_MW_energie_solaire_6.jpg\",\"articleSection\":[\"\u00c9nergie\",\"\u00c9olien\",\"Solaire\"],\"inLanguage\":\"en-US\"},{\"@type\":\"WebPage\",\"@id\":\"https:\\\/\\\/apalmw.com\\\/acceleration-des-energies-renouvelables\\\/\",\"url\":\"https:\\\/\\\/apalmw.com\\\/acceleration-des-energies-renouvelables\\\/\",\"name\":\"Acc\u00e9l\u00e9ration des \u00e9nergies renouvelables - APAL MW\",\"isPartOf\":{\"@id\":\"https:\\\/\\\/apalmw.com\\\/#website\"},\"primaryImageOfPage\":{\"@id\":\"https:\\\/\\\/apalmw.com\\\/acceleration-des-energies-renouvelables\\\/#primaryimage\"},\"image\":{\"@id\":\"https:\\\/\\\/apalmw.com\\\/acceleration-des-energies-renouvelables\\\/#primaryimage\"},\"thumbnailUrl\":\"https:\\\/\\\/apalmw.com\\\/wp-content\\\/uploads\\\/2020\\\/12\\\/APAL_MW_energie_solaire_6.jpg\",\"datePublished\":\"2023-07-05T22:09:11+00:00\",\"dateModified\":\"2025-04-18T12:20:26+00:00\",\"description\":\"L'acc\u00e9l\u00e9ration des ENR: Agn\u00e8s Pannier-Runacher d\u00e9signe plus de 1GW de projets laur\u00e9ats de l\u2019appel d\u2019offres \u00e9olien terrestre.\",\"breadcrumb\":{\"@id\":\"https:\\\/\\\/apalmw.com\\\/acceleration-des-energies-renouvelables\\\/#breadcrumb\"},\"inLanguage\":\"en-US\",\"potentialAction\":[{\"@type\":\"ReadAction\",\"target\":[\"https:\\\/\\\/apalmw.com\\\/acceleration-des-energies-renouvelables\\\/\"]}]},{\"@type\":\"ImageObject\",\"inLanguage\":\"en-US\",\"@id\":\"https:\\\/\\\/apalmw.com\\\/acceleration-des-energies-renouvelables\\\/#primaryimage\",\"url\":\"https:\\\/\\\/apalmw.com\\\/wp-content\\\/uploads\\\/2020\\\/12\\\/APAL_MW_energie_solaire_6.jpg\",\"contentUrl\":\"https:\\\/\\\/apalmw.com\\\/wp-content\\\/uploads\\\/2020\\\/12\\\/APAL_MW_energie_solaire_6.jpg\",\"width\":1200,\"height\":1200,\"caption\":\"L'image montre une main touchant ou inspectant un panneau solaire. Le panneau solaire est r\u00e9fl\u00e9chissant et compos\u00e9 de plusieurs cellules photovolta\u00efques dispos\u00e9es en grille. En arri\u00e8re-plan, on voit un ciel bleu avec quelques nuages.\"},{\"@type\":\"BreadcrumbList\",\"@id\":\"https:\\\/\\\/apalmw.com\\\/acceleration-des-energies-renouvelables\\\/#breadcrumb\",\"itemListElement\":[{\"@type\":\"ListItem\",\"position\":1,\"name\":\"Accueil\",\"item\":\"https:\\\/\\\/apalmw.com\\\/\"},{\"@type\":\"ListItem\",\"position\":2,\"name\":\"Acc\u00e9l\u00e9ration des \u00e9nergies renouvelables\"}]},{\"@type\":\"WebSite\",\"@id\":\"https:\\\/\\\/apalmw.com\\\/#website\",\"url\":\"https:\\\/\\\/apalmw.com\\\/\",\"name\":\"APAL MW\",\"description\":\"Ensemble vers l&#039;\u00e9nergie de demain\",\"publisher\":{\"@id\":\"https:\\\/\\\/apalmw.com\\\/#organization\"},\"alternateName\":\"APAL\",\"potentialAction\":[{\"@type\":\"SearchAction\",\"target\":{\"@type\":\"EntryPoint\",\"urlTemplate\":\"https:\\\/\\\/apalmw.com\\\/?s={search_term_string}\"},\"query-input\":{\"@type\":\"PropertyValueSpecification\",\"valueRequired\":true,\"valueName\":\"search_term_string\"}}],\"inLanguage\":\"en-US\"},{\"@type\":\"Organization\",\"@id\":\"https:\\\/\\\/apalmw.com\\\/#organization\",\"name\":\"APAL MW\",\"alternateName\":\"APALMW\",\"url\":\"https:\\\/\\\/apalmw.com\\\/\",\"logo\":{\"@type\":\"ImageObject\",\"inLanguage\":\"en-US\",\"@id\":\"https:\\\/\\\/apalmw.com\\\/#\\\/schema\\\/logo\\\/image\\\/\",\"url\":\"\",\"contentUrl\":\"\",\"caption\":\"APAL MW\"},\"image\":{\"@id\":\"https:\\\/\\\/apalmw.com\\\/#\\\/schema\\\/logo\\\/image\\\/\"},\"sameAs\":[\"https:\\\/\\\/fr.linkedin.com\\\/company\\\/apal-mw\",\"https:\\\/\\\/www.youtube.com\\\/@APALMW\"]},{\"@type\":\"Person\",\"@id\":\"https:\\\/\\\/apalmw.com\\\/#\\\/schema\\\/person\\\/c8ad8831c9e665b93c2d396cb7deaba3\",\"name\":\"apal_mw\",\"image\":{\"@type\":\"ImageObject\",\"inLanguage\":\"en-US\",\"@id\":\"https:\\\/\\\/secure.gravatar.com\\\/avatar\\\/e72f9485464a294f5b3a53988918fd0d57f2abce487c0e34b1b9192e01388adb?s=96&d=mm&r=g\",\"url\":\"https:\\\/\\\/secure.gravatar.com\\\/avatar\\\/e72f9485464a294f5b3a53988918fd0d57f2abce487c0e34b1b9192e01388adb?s=96&d=mm&r=g\",\"contentUrl\":\"https:\\\/\\\/secure.gravatar.com\\\/avatar\\\/e72f9485464a294f5b3a53988918fd0d57f2abce487c0e34b1b9192e01388adb?s=96&d=mm&r=g\",\"caption\":\"apal_mw\"},\"sameAs\":[\"https:\\\/\\\/apalmw.com\",\"https:\\\/\\\/www.facebook.com\\\/profile.php?id=61583036103410\",\"https:\\\/\\\/www.instagram.com\\\/apal_mw\",\"https:\\\/\\\/www.linkedin.com\\\/company\\\/apal-mw\",\"https:\\\/\\\/www.youtube.com\\\/@APALMW\"],\"url\":\"https:\\\/\\\/apalmw.com\\\/en\\\/author\\\/apalmwnicolas\\\/\"}]}<\/script>\n<!-- \/ Yoast SEO plugin. -->","yoast_head_json":{"title":"Acc\u00e9l\u00e9ration des \u00e9nergies renouvelables - APAL MW","description":"L'acc\u00e9l\u00e9ration des ENR: Agn\u00e8s Pannier-Runacher d\u00e9signe plus de 1GW de projets laur\u00e9ats de l\u2019appel d\u2019offres \u00e9olien terrestre.","robots":{"index":"index","follow":"follow","max-snippet":"max-snippet:-1","max-image-preview":"max-image-preview:large","max-video-preview":"max-video-preview:-1"},"canonical":"https:\/\/apalmw.com\/en\/acceleration-des-energies-renouvelables\/","og_locale":"en_US","og_type":"article","og_title":"Acc\u00e9l\u00e9ration des \u00e9nergies renouvelables - APAL MW","og_description":"L'acc\u00e9l\u00e9ration des ENR: Agn\u00e8s Pannier-Runacher d\u00e9signe plus de 1GW de projets laur\u00e9ats de l\u2019appel d\u2019offres \u00e9olien terrestre.","og_url":"https:\/\/apalmw.com\/en\/acceleration-des-energies-renouvelables\/","og_site_name":"APAL MW","article_author":"https:\/\/www.facebook.com\/profile.php?id=61583036103410","article_published_time":"2023-07-05T22:09:11+00:00","article_modified_time":"2025-04-18T12:20:26+00:00","og_image":[{"width":1200,"height":1200,"url":"https:\/\/apalmw.com\/wp-content\/uploads\/2020\/12\/APAL_MW_energie_solaire_6.jpg","type":"image\/jpeg"}],"author":"apal_mw","twitter_card":"summary_large_image","twitter_misc":{"Written by":"apal_mw","Est. reading time":"2 minutes"},"schema":{"@context":"https:\/\/schema.org","@graph":[{"@type":"Article","@id":"https:\/\/apalmw.com\/acceleration-des-energies-renouvelables\/#article","isPartOf":{"@id":"https:\/\/apalmw.com\/acceleration-des-energies-renouvelables\/"},"author":{"name":"apal_mw","@id":"https:\/\/apalmw.com\/#\/schema\/person\/c8ad8831c9e665b93c2d396cb7deaba3"},"headline":"Acc\u00e9l\u00e9ration des \u00e9nergies renouvelables","datePublished":"2023-07-05T22:09:11+00:00","dateModified":"2025-04-18T12:20:26+00:00","mainEntityOfPage":{"@id":"https:\/\/apalmw.com\/acceleration-des-energies-renouvelables\/"},"wordCount":395,"publisher":{"@id":"https:\/\/apalmw.com\/#organization"},"image":{"@id":"https:\/\/apalmw.com\/acceleration-des-energies-renouvelables\/#primaryimage"},"thumbnailUrl":"https:\/\/apalmw.com\/wp-content\/uploads\/2020\/12\/APAL_MW_energie_solaire_6.jpg","articleSection":["\u00c9nergie","\u00c9olien","Solaire"],"inLanguage":"en-US"},{"@type":"WebPage","@id":"https:\/\/apalmw.com\/acceleration-des-energies-renouvelables\/","url":"https:\/\/apalmw.com\/acceleration-des-energies-renouvelables\/","name":"Acc\u00e9l\u00e9ration des \u00e9nergies renouvelables - APAL MW","isPartOf":{"@id":"https:\/\/apalmw.com\/#website"},"primaryImageOfPage":{"@id":"https:\/\/apalmw.com\/acceleration-des-energies-renouvelables\/#primaryimage"},"image":{"@id":"https:\/\/apalmw.com\/acceleration-des-energies-renouvelables\/#primaryimage"},"thumbnailUrl":"https:\/\/apalmw.com\/wp-content\/uploads\/2020\/12\/APAL_MW_energie_solaire_6.jpg","datePublished":"2023-07-05T22:09:11+00:00","dateModified":"2025-04-18T12:20:26+00:00","description":"L'acc\u00e9l\u00e9ration des ENR: Agn\u00e8s Pannier-Runacher d\u00e9signe plus de 1GW de projets laur\u00e9ats de l\u2019appel d\u2019offres \u00e9olien terrestre.","breadcrumb":{"@id":"https:\/\/apalmw.com\/acceleration-des-energies-renouvelables\/#breadcrumb"},"inLanguage":"en-US","potentialAction":[{"@type":"ReadAction","target":["https:\/\/apalmw.com\/acceleration-des-energies-renouvelables\/"]}]},{"@type":"ImageObject","inLanguage":"en-US","@id":"https:\/\/apalmw.com\/acceleration-des-energies-renouvelables\/#primaryimage","url":"https:\/\/apalmw.com\/wp-content\/uploads\/2020\/12\/APAL_MW_energie_solaire_6.jpg","contentUrl":"https:\/\/apalmw.com\/wp-content\/uploads\/2020\/12\/APAL_MW_energie_solaire_6.jpg","width":1200,"height":1200,"caption":"L'image montre une main touchant ou inspectant un panneau solaire. Le panneau solaire est r\u00e9fl\u00e9chissant et compos\u00e9 de plusieurs cellules photovolta\u00efques dispos\u00e9es en grille. En arri\u00e8re-plan, on voit un ciel bleu avec quelques nuages."},{"@type":"BreadcrumbList","@id":"https:\/\/apalmw.com\/acceleration-des-energies-renouvelables\/#breadcrumb","itemListElement":[{"@type":"ListItem","position":1,"name":"Accueil","item":"https:\/\/apalmw.com\/"},{"@type":"ListItem","position":2,"name":"Acc\u00e9l\u00e9ration des \u00e9nergies renouvelables"}]},{"@type":"WebSite","@id":"https:\/\/apalmw.com\/#website","url":"https:\/\/apalmw.com\/","name":"APAL MW","description":"Ensemble vers l&#039;\u00e9nergie de demain","publisher":{"@id":"https:\/\/apalmw.com\/#organization"},"alternateName":"APAL","potentialAction":[{"@type":"SearchAction","target":{"@type":"EntryPoint","urlTemplate":"https:\/\/apalmw.com\/?s={search_term_string}"},"query-input":{"@type":"PropertyValueSpecification","valueRequired":true,"valueName":"search_term_string"}}],"inLanguage":"en-US"},{"@type":"Organization","@id":"https:\/\/apalmw.com\/#organization","name":"APAL MW","alternateName":"APALMW","url":"https:\/\/apalmw.com\/","logo":{"@type":"ImageObject","inLanguage":"en-US","@id":"https:\/\/apalmw.com\/#\/schema\/logo\/image\/","url":"","contentUrl":"","caption":"APAL MW"},"image":{"@id":"https:\/\/apalmw.com\/#\/schema\/logo\/image\/"},"sameAs":["https:\/\/fr.linkedin.com\/company\/apal-mw","https:\/\/www.youtube.com\/@APALMW"]},{"@type":"Person","@id":"https:\/\/apalmw.com\/#\/schema\/person\/c8ad8831c9e665b93c2d396cb7deaba3","name":"apal_mw","image":{"@type":"ImageObject","inLanguage":"en-US","@id":"https:\/\/secure.gravatar.com\/avatar\/e72f9485464a294f5b3a53988918fd0d57f2abce487c0e34b1b9192e01388adb?s=96&d=mm&r=g","url":"https:\/\/secure.gravatar.com\/avatar\/e72f9485464a294f5b3a53988918fd0d57f2abce487c0e34b1b9192e01388adb?s=96&d=mm&r=g","contentUrl":"https:\/\/secure.gravatar.com\/avatar\/e72f9485464a294f5b3a53988918fd0d57f2abce487c0e34b1b9192e01388adb?s=96&d=mm&r=g","caption":"apal_mw"},"sameAs":["https:\/\/apalmw.com","https:\/\/www.facebook.com\/profile.php?id=61583036103410","https:\/\/www.instagram.com\/apal_mw","https:\/\/www.linkedin.com\/company\/apal-mw","https:\/\/www.youtube.com\/@APALMW"],"url":"https:\/\/apalmw.com\/en\/author\/apalmwnicolas\/"}]}},"_links":{"self":[{"href":"https:\/\/apalmw.com\/en\/wp-json\/wp\/v2\/posts\/6058","targetHints":{"allow":["GET"]}}],"collection":[{"href":"https:\/\/apalmw.com\/en\/wp-json\/wp\/v2\/posts"}],"about":[{"href":"https:\/\/apalmw.com\/en\/wp-json\/wp\/v2\/types\/post"}],"author":[{"embeddable":true,"href":"https:\/\/apalmw.com\/en\/wp-json\/wp\/v2\/users\/1"}],"replies":[{"embeddable":true,"href":"https:\/\/apalmw.com\/en\/wp-json\/wp\/v2\/comments?post=6058"}],"version-history":[{"count":5,"href":"https:\/\/apalmw.com\/en\/wp-json\/wp\/v2\/posts\/6058\/revisions"}],"predecessor-version":[{"id":7986,"href":"https:\/\/apalmw.com\/en\/wp-json\/wp\/v2\/posts\/6058\/revisions\/7986"}],"wp:featuredmedia":[{"embeddable":true,"href":"https:\/\/apalmw.com\/en\/wp-json\/wp\/v2\/media\/5849"}],"wp:attachment":[{"href":"https:\/\/apalmw.com\/en\/wp-json\/wp\/v2\/media?parent=6058"}],"wp:term":[{"taxonomy":"category","embeddable":true,"href":"https:\/\/apalmw.com\/en\/wp-json\/wp\/v2\/categories?post=6058"},{"taxonomy":"post_tag","embeddable":true,"href":"https:\/\/apalmw.com\/en\/wp-json\/wp\/v2\/tags?post=6058"}],"curies":[{"name":"wp","href":"https:\/\/api.w.org\/{rel}","templated":true}]}}