{"id":102,"date":"2023-06-26T10:39:04","date_gmt":"2023-06-26T10:39:04","guid":{"rendered":"https:\/\/demo.cmssuperheroes.com\/themeforest\/solatec\/?p=102"},"modified":"2025-04-18T13:46:52","modified_gmt":"2025-04-18T12:46:52","slug":"inflation_et_problemes_logistiques","status":"publish","type":"post","link":"https:\/\/apalmw.com\/en\/inflation_et_problemes_logistiques\/","title":{"rendered":"Eolien : \u00ab L\u2019inflation et les probl\u00e8mes logistiques sont en train de fragiliser tout le secteur \u00bb"},"content":{"rendered":"<div data-elementor-type=\"wp-post\" data-elementor-id=\"102\" class=\"elementor elementor-102\" data-elementor-post-type=\"post\">\n\t\t\t\t        <section class=\"elementor-section elementor-top-section elementor-element elementor-element-666428d6 elementor-section-boxed elementor-section-height-default elementor-section-height-default cms-boxed-bg-false\" data-id=\"666428d6\" data-element_type=\"section\" data-e-type=\"section\">\r\n\t\t\r\n\t\t<div class=\"cms-section-boxed-bg\"><\/div>        <div class=\"elementor-container elementor-column-gap-default\">\r\n\t\t        <div class=\"elementor-column elementor-col-100 elementor-top-column elementor-element elementor-element-24f18eaf\" data-id=\"24f18eaf\" data-element_type=\"column\" data-e-type=\"column\">\r\n            <div class=\"elementor-widget-wrap elementor-element-populated\">\r\n                \t\t<div class=\"elementor-element elementor-element-4e208928 elementor-widget elementor-widget-text-editor\" data-id=\"4e208928\" data-element_type=\"widget\" data-e-type=\"widget\" data-widget_type=\"text-editor.default\">\n\t\t\t\t<div class=\"elementor-widget-container\">\n\t\t\t\t\t\t\t\t\t<p>(source @Le Monde)<\/p><p><strong>Sur le papier, les perspectives sont \u00e9poustouflantes, mais le secteur encha\u00eene les d\u00e9convenues. A l\u2019image, le 23\u00a0juin, de l\u2019effondrement de pr\u00e8s de 40\u00a0% du cours de Bourse de Siemens Energy, constate Philippe Escande, \u00e9ditorialiste \u00e9conomique au \u00ab\u00a0Monde\u00a0\u00bb.<\/strong><\/p><p><span class=\"article__inner\">P<\/span>arfois, de bonnes nouvelles peuvent en cacher de tr\u00e8s mauvaises. La reprise extraordinaire de l\u2019apr\u00e8s-crise sanitaire a donn\u00e9 naissance \u00e0 une inflation catastrophique dont on peine \u00e0 se d\u00e9barrasser. C\u2019est la m\u00eame chose pour les \u00e9nergies renouvelables, et particuli\u00e8rement l\u2019\u00e9olien. Sur le papier, les perspectives sont \u00e9poustouflantes.<\/p><p>Selon <em>Bloomberg, <\/em>les capacit\u00e9s install\u00e9es devraient doubler dans le monde d\u2019ici \u00e0 2027\u00a0et \u00eatre multipli\u00e9es par dix \u00e0 horizon 2035. Pourtant, le secteur encha\u00eene les d\u00e9convenues. La derni\u00e8re est arriv\u00e9e vendredi 23\u00a0juin avec l\u2019effondrement de pr\u00e8s de 40\u00a0% du cours de Bourse de Siemens Energy. Du jamais-vu sur la place de Francfort <a href=\"https:\/\/www.lemonde.fr\/economie\/article\/2020\/08\/31\/comprendre-l-affaire-wirecard-le-scandale-financier-qui-secoue-l-allemagne-depuis-juin_6050447_3234.html\">depuis le scandale Wirecard en\u00a02020<\/a>.<\/p><p>En cause, un communiqu\u00e9 publi\u00e9 la veille au soir, \u00e9voquant de graves probl\u00e8mes de qualit\u00e9 sur les \u00e9oliennes. Jusqu\u2019\u00e0 30\u00a0% des machines vendues par Siemens Gamesa, l\u2019un des leaders mondiaux du secteur, pourraient \u00eatre d\u00e9fectueuses. La remise \u00e0 plat de toute la production pourrait co\u00fbter plus de 1\u00a0milliard d\u2019euros et repousser de plusieurs ann\u00e9es la perspective d\u2019en finir avec les pertes. Mauvaise publicit\u00e9 pour une entreprise n\u00e9e du rachat du champion espagnol Gamesa par Siemens, en\u00a02016. Depuis, les p\u00e9pins industriels et les chocs culturels se sont encha\u00een\u00e9s en rang serr\u00e9.<\/p><p><\/p><\/div><\/div><\/div><\/div><\/div><\/section><\/div> <a href=\"https:\/\/apalmw.com\/en\/inflation_et_problemes_logistiques\/#more-102\" class=\"more-link elementor-more-link\"><span aria-label=\"Continue reading Eolien : \u00ab L\u2019inflation et les probl\u00e8mes logistiques sont en train de fragiliser tout le secteur \u00bb\">(more&hellip;)<\/span><\/a>","protected":false},"excerpt":{"rendered":"<p>All of these factors are important to consider when permitting your solar system, and can help streamline your process. Take the time to consider these often-overlooked aspects<\/p>","protected":false},"author":1,"featured_media":1013,"comment_status":"closed","ping_status":"closed","sticky":false,"template":"","format":"standard","meta":{"_coblocks_attr":"","_coblocks_dimensions":"","_coblocks_responsive_height":"","_coblocks_accordion_ie_support":"","footnotes":""},"categories":[2,3,5],"tags":[],"class_list":["post-102","post","type-post","status-publish","format-standard","has-post-thumbnail","hentry","category-energie","category-eolien","category-solaire","cms-has-post-thumbnail"],"yoast_head":"<!-- This site is optimized with the Yoast SEO plugin v27.5 - https:\/\/yoast.com\/product\/yoast-seo-wordpress\/ -->\n<title>Eolien : \u00ab L\u2019inflation et les probl\u00e8mes logistiques sont en train de fragiliser tout le secteur \u00bb<\/title>\n<meta name=\"description\" content=\"Inflation et probl\u00e8mes logistiques: Sur le papier, les perspectives sont \u00e9poustouflantes, mais le secteur encha\u00eene les d\u00e9convenues.\" \/>\n<meta name=\"robots\" content=\"index, follow, max-snippet:-1, max-image-preview:large, max-video-preview:-1\" \/>\n<link rel=\"canonical\" href=\"https:\/\/apalmw.com\/en\/inflation_et_problemes_logistiques\/\" \/>\n<meta property=\"og:locale\" content=\"en_US\" \/>\n<meta property=\"og:type\" content=\"article\" \/>\n<meta property=\"og:title\" content=\"Eolien : \u00ab L\u2019inflation et les probl\u00e8mes logistiques sont en train de fragiliser tout le secteur \u00bb\" \/>\n<meta property=\"og:description\" content=\"Inflation et probl\u00e8mes logistiques: Sur le papier, les perspectives sont \u00e9poustouflantes, mais le secteur encha\u00eene les d\u00e9convenues.\" \/>\n<meta property=\"og:url\" content=\"https:\/\/apalmw.com\/en\/inflation_et_problemes_logistiques\/\" \/>\n<meta property=\"og:site_name\" content=\"APAL MW\" \/>\n<meta property=\"article:author\" content=\"https:\/\/www.facebook.com\/profile.php?id=61583036103410\" \/>\n<meta property=\"article:published_time\" content=\"2023-06-26T10:39:04+00:00\" \/>\n<meta property=\"article:modified_time\" content=\"2025-04-18T12:46:52+00:00\" \/>\n<meta property=\"og:image\" content=\"https:\/\/apalmw.com\/wp-content\/uploads\/solatec-23-l.jpg\" \/>\n\t<meta property=\"og:image:width\" content=\"1600\" \/>\n\t<meta property=\"og:image:height\" content=\"731\" \/>\n\t<meta property=\"og:image:type\" content=\"image\/jpeg\" \/>\n<meta name=\"author\" content=\"apal_mw\" \/>\n<meta name=\"twitter:card\" content=\"summary_large_image\" \/>\n<meta name=\"twitter:label1\" content=\"Written by\" \/>\n\t<meta name=\"twitter:data1\" content=\"apal_mw\" \/>\n\t<meta name=\"twitter:label2\" content=\"Est. reading time\" \/>\n\t<meta name=\"twitter:data2\" content=\"2 minutes\" \/>\n<script type=\"application\/ld+json\" class=\"yoast-schema-graph\">{\"@context\":\"https:\\\/\\\/schema.org\",\"@graph\":[{\"@type\":\"Article\",\"@id\":\"https:\\\/\\\/apalmw.com\\\/inflation_et_problemes_logistiques\\\/#article\",\"isPartOf\":{\"@id\":\"https:\\\/\\\/apalmw.com\\\/inflation_et_problemes_logistiques\\\/\"},\"author\":{\"name\":\"apal_mw\",\"@id\":\"https:\\\/\\\/apalmw.com\\\/#\\\/schema\\\/person\\\/c8ad8831c9e665b93c2d396cb7deaba3\"},\"headline\":\"Eolien : \u00ab L\u2019inflation et les probl\u00e8mes logistiques sont en train de fragiliser tout le secteur \u00bb\",\"datePublished\":\"2023-06-26T10:39:04+00:00\",\"dateModified\":\"2025-04-18T12:46:52+00:00\",\"mainEntityOfPage\":{\"@id\":\"https:\\\/\\\/apalmw.com\\\/inflation_et_problemes_logistiques\\\/\"},\"wordCount\":279,\"publisher\":{\"@id\":\"https:\\\/\\\/apalmw.com\\\/#organization\"},\"image\":{\"@id\":\"https:\\\/\\\/apalmw.com\\\/inflation_et_problemes_logistiques\\\/#primaryimage\"},\"thumbnailUrl\":\"https:\\\/\\\/apalmw.com\\\/wp-content\\\/uploads\\\/solatec-23-l.jpg\",\"articleSection\":[\"\u00c9nergie\",\"\u00c9olien\",\"Solaire\"],\"inLanguage\":\"en-US\"},{\"@type\":\"WebPage\",\"@id\":\"https:\\\/\\\/apalmw.com\\\/inflation_et_problemes_logistiques\\\/\",\"url\":\"https:\\\/\\\/apalmw.com\\\/inflation_et_problemes_logistiques\\\/\",\"name\":\"Eolien : \u00ab L\u2019inflation et les probl\u00e8mes logistiques sont en train de fragiliser tout le secteur \u00bb\",\"isPartOf\":{\"@id\":\"https:\\\/\\\/apalmw.com\\\/#website\"},\"primaryImageOfPage\":{\"@id\":\"https:\\\/\\\/apalmw.com\\\/inflation_et_problemes_logistiques\\\/#primaryimage\"},\"image\":{\"@id\":\"https:\\\/\\\/apalmw.com\\\/inflation_et_problemes_logistiques\\\/#primaryimage\"},\"thumbnailUrl\":\"https:\\\/\\\/apalmw.com\\\/wp-content\\\/uploads\\\/solatec-23-l.jpg\",\"datePublished\":\"2023-06-26T10:39:04+00:00\",\"dateModified\":\"2025-04-18T12:46:52+00:00\",\"description\":\"Inflation et probl\u00e8mes logistiques: Sur le papier, les perspectives sont \u00e9poustouflantes, mais le secteur encha\u00eene les d\u00e9convenues.\",\"breadcrumb\":{\"@id\":\"https:\\\/\\\/apalmw.com\\\/inflation_et_problemes_logistiques\\\/#breadcrumb\"},\"inLanguage\":\"en-US\",\"potentialAction\":[{\"@type\":\"ReadAction\",\"target\":[\"https:\\\/\\\/apalmw.com\\\/inflation_et_problemes_logistiques\\\/\"]}]},{\"@type\":\"ImageObject\",\"inLanguage\":\"en-US\",\"@id\":\"https:\\\/\\\/apalmw.com\\\/inflation_et_problemes_logistiques\\\/#primaryimage\",\"url\":\"https:\\\/\\\/apalmw.com\\\/wp-content\\\/uploads\\\/solatec-23-l.jpg\",\"contentUrl\":\"https:\\\/\\\/apalmw.com\\\/wp-content\\\/uploads\\\/solatec-23-l.jpg\",\"width\":1600,\"height\":731},{\"@type\":\"BreadcrumbList\",\"@id\":\"https:\\\/\\\/apalmw.com\\\/inflation_et_problemes_logistiques\\\/#breadcrumb\",\"itemListElement\":[{\"@type\":\"ListItem\",\"position\":1,\"name\":\"Accueil\",\"item\":\"https:\\\/\\\/apalmw.com\\\/\"},{\"@type\":\"ListItem\",\"position\":2,\"name\":\"Eolien : \u00ab L\u2019inflation et les probl\u00e8mes logistiques sont en train de fragiliser tout le secteur \u00bb\"}]},{\"@type\":\"WebSite\",\"@id\":\"https:\\\/\\\/apalmw.com\\\/#website\",\"url\":\"https:\\\/\\\/apalmw.com\\\/\",\"name\":\"APAL MW\",\"description\":\"Ensemble vers l&#039;\u00e9nergie de demain\",\"publisher\":{\"@id\":\"https:\\\/\\\/apalmw.com\\\/#organization\"},\"alternateName\":\"APAL\",\"potentialAction\":[{\"@type\":\"SearchAction\",\"target\":{\"@type\":\"EntryPoint\",\"urlTemplate\":\"https:\\\/\\\/apalmw.com\\\/?s={search_term_string}\"},\"query-input\":{\"@type\":\"PropertyValueSpecification\",\"valueRequired\":true,\"valueName\":\"search_term_string\"}}],\"inLanguage\":\"en-US\"},{\"@type\":\"Organization\",\"@id\":\"https:\\\/\\\/apalmw.com\\\/#organization\",\"name\":\"APAL MW\",\"alternateName\":\"APALMW\",\"url\":\"https:\\\/\\\/apalmw.com\\\/\",\"logo\":{\"@type\":\"ImageObject\",\"inLanguage\":\"en-US\",\"@id\":\"https:\\\/\\\/apalmw.com\\\/#\\\/schema\\\/logo\\\/image\\\/\",\"url\":\"\",\"contentUrl\":\"\",\"caption\":\"APAL MW\"},\"image\":{\"@id\":\"https:\\\/\\\/apalmw.com\\\/#\\\/schema\\\/logo\\\/image\\\/\"},\"sameAs\":[\"https:\\\/\\\/fr.linkedin.com\\\/company\\\/apal-mw\",\"https:\\\/\\\/www.youtube.com\\\/@APALMW\"]},{\"@type\":\"Person\",\"@id\":\"https:\\\/\\\/apalmw.com\\\/#\\\/schema\\\/person\\\/c8ad8831c9e665b93c2d396cb7deaba3\",\"name\":\"apal_mw\",\"image\":{\"@type\":\"ImageObject\",\"inLanguage\":\"en-US\",\"@id\":\"https:\\\/\\\/secure.gravatar.com\\\/avatar\\\/e72f9485464a294f5b3a53988918fd0d57f2abce487c0e34b1b9192e01388adb?s=96&d=mm&r=g\",\"url\":\"https:\\\/\\\/secure.gravatar.com\\\/avatar\\\/e72f9485464a294f5b3a53988918fd0d57f2abce487c0e34b1b9192e01388adb?s=96&d=mm&r=g\",\"contentUrl\":\"https:\\\/\\\/secure.gravatar.com\\\/avatar\\\/e72f9485464a294f5b3a53988918fd0d57f2abce487c0e34b1b9192e01388adb?s=96&d=mm&r=g\",\"caption\":\"apal_mw\"},\"sameAs\":[\"https:\\\/\\\/apalmw.com\",\"https:\\\/\\\/www.facebook.com\\\/profile.php?id=61583036103410\",\"https:\\\/\\\/www.instagram.com\\\/apal_mw\",\"https:\\\/\\\/www.linkedin.com\\\/company\\\/apal-mw\",\"https:\\\/\\\/www.youtube.com\\\/@APALMW\"],\"url\":\"https:\\\/\\\/apalmw.com\\\/en\\\/author\\\/apalmwnicolas\\\/\"}]}<\/script>\n<!-- \/ Yoast SEO plugin. -->","yoast_head_json":{"title":"Eolien : \u00ab L\u2019inflation et les probl\u00e8mes logistiques sont en train de fragiliser tout le secteur \u00bb","description":"Inflation et probl\u00e8mes logistiques: Sur le papier, les perspectives sont \u00e9poustouflantes, mais le secteur encha\u00eene les d\u00e9convenues.","robots":{"index":"index","follow":"follow","max-snippet":"max-snippet:-1","max-image-preview":"max-image-preview:large","max-video-preview":"max-video-preview:-1"},"canonical":"https:\/\/apalmw.com\/en\/inflation_et_problemes_logistiques\/","og_locale":"en_US","og_type":"article","og_title":"Eolien : \u00ab L\u2019inflation et les probl\u00e8mes logistiques sont en train de fragiliser tout le secteur \u00bb","og_description":"Inflation et probl\u00e8mes logistiques: Sur le papier, les perspectives sont \u00e9poustouflantes, mais le secteur encha\u00eene les d\u00e9convenues.","og_url":"https:\/\/apalmw.com\/en\/inflation_et_problemes_logistiques\/","og_site_name":"APAL MW","article_author":"https:\/\/www.facebook.com\/profile.php?id=61583036103410","article_published_time":"2023-06-26T10:39:04+00:00","article_modified_time":"2025-04-18T12:46:52+00:00","og_image":[{"width":1600,"height":731,"url":"https:\/\/apalmw.com\/wp-content\/uploads\/solatec-23-l.jpg","type":"image\/jpeg"}],"author":"apal_mw","twitter_card":"summary_large_image","twitter_misc":{"Written by":"apal_mw","Est. reading time":"2 minutes"},"schema":{"@context":"https:\/\/schema.org","@graph":[{"@type":"Article","@id":"https:\/\/apalmw.com\/inflation_et_problemes_logistiques\/#article","isPartOf":{"@id":"https:\/\/apalmw.com\/inflation_et_problemes_logistiques\/"},"author":{"name":"apal_mw","@id":"https:\/\/apalmw.com\/#\/schema\/person\/c8ad8831c9e665b93c2d396cb7deaba3"},"headline":"Eolien : \u00ab L\u2019inflation et les probl\u00e8mes logistiques sont en train de fragiliser tout le secteur \u00bb","datePublished":"2023-06-26T10:39:04+00:00","dateModified":"2025-04-18T12:46:52+00:00","mainEntityOfPage":{"@id":"https:\/\/apalmw.com\/inflation_et_problemes_logistiques\/"},"wordCount":279,"publisher":{"@id":"https:\/\/apalmw.com\/#organization"},"image":{"@id":"https:\/\/apalmw.com\/inflation_et_problemes_logistiques\/#primaryimage"},"thumbnailUrl":"https:\/\/apalmw.com\/wp-content\/uploads\/solatec-23-l.jpg","articleSection":["\u00c9nergie","\u00c9olien","Solaire"],"inLanguage":"en-US"},{"@type":"WebPage","@id":"https:\/\/apalmw.com\/inflation_et_problemes_logistiques\/","url":"https:\/\/apalmw.com\/inflation_et_problemes_logistiques\/","name":"Eolien : \u00ab L\u2019inflation et les probl\u00e8mes logistiques sont en train de fragiliser tout le secteur \u00bb","isPartOf":{"@id":"https:\/\/apalmw.com\/#website"},"primaryImageOfPage":{"@id":"https:\/\/apalmw.com\/inflation_et_problemes_logistiques\/#primaryimage"},"image":{"@id":"https:\/\/apalmw.com\/inflation_et_problemes_logistiques\/#primaryimage"},"thumbnailUrl":"https:\/\/apalmw.com\/wp-content\/uploads\/solatec-23-l.jpg","datePublished":"2023-06-26T10:39:04+00:00","dateModified":"2025-04-18T12:46:52+00:00","description":"Inflation et probl\u00e8mes logistiques: Sur le papier, les perspectives sont \u00e9poustouflantes, mais le secteur encha\u00eene les d\u00e9convenues.","breadcrumb":{"@id":"https:\/\/apalmw.com\/inflation_et_problemes_logistiques\/#breadcrumb"},"inLanguage":"en-US","potentialAction":[{"@type":"ReadAction","target":["https:\/\/apalmw.com\/inflation_et_problemes_logistiques\/"]}]},{"@type":"ImageObject","inLanguage":"en-US","@id":"https:\/\/apalmw.com\/inflation_et_problemes_logistiques\/#primaryimage","url":"https:\/\/apalmw.com\/wp-content\/uploads\/solatec-23-l.jpg","contentUrl":"https:\/\/apalmw.com\/wp-content\/uploads\/solatec-23-l.jpg","width":1600,"height":731},{"@type":"BreadcrumbList","@id":"https:\/\/apalmw.com\/inflation_et_problemes_logistiques\/#breadcrumb","itemListElement":[{"@type":"ListItem","position":1,"name":"Accueil","item":"https:\/\/apalmw.com\/"},{"@type":"ListItem","position":2,"name":"Eolien : \u00ab L\u2019inflation et les probl\u00e8mes logistiques sont en train de fragiliser tout le secteur \u00bb"}]},{"@type":"WebSite","@id":"https:\/\/apalmw.com\/#website","url":"https:\/\/apalmw.com\/","name":"APAL MW","description":"Ensemble vers l&#039;\u00e9nergie de demain","publisher":{"@id":"https:\/\/apalmw.com\/#organization"},"alternateName":"APAL","potentialAction":[{"@type":"SearchAction","target":{"@type":"EntryPoint","urlTemplate":"https:\/\/apalmw.com\/?s={search_term_string}"},"query-input":{"@type":"PropertyValueSpecification","valueRequired":true,"valueName":"search_term_string"}}],"inLanguage":"en-US"},{"@type":"Organization","@id":"https:\/\/apalmw.com\/#organization","name":"APAL MW","alternateName":"APALMW","url":"https:\/\/apalmw.com\/","logo":{"@type":"ImageObject","inLanguage":"en-US","@id":"https:\/\/apalmw.com\/#\/schema\/logo\/image\/","url":"","contentUrl":"","caption":"APAL MW"},"image":{"@id":"https:\/\/apalmw.com\/#\/schema\/logo\/image\/"},"sameAs":["https:\/\/fr.linkedin.com\/company\/apal-mw","https:\/\/www.youtube.com\/@APALMW"]},{"@type":"Person","@id":"https:\/\/apalmw.com\/#\/schema\/person\/c8ad8831c9e665b93c2d396cb7deaba3","name":"apal_mw","image":{"@type":"ImageObject","inLanguage":"en-US","@id":"https:\/\/secure.gravatar.com\/avatar\/e72f9485464a294f5b3a53988918fd0d57f2abce487c0e34b1b9192e01388adb?s=96&d=mm&r=g","url":"https:\/\/secure.gravatar.com\/avatar\/e72f9485464a294f5b3a53988918fd0d57f2abce487c0e34b1b9192e01388adb?s=96&d=mm&r=g","contentUrl":"https:\/\/secure.gravatar.com\/avatar\/e72f9485464a294f5b3a53988918fd0d57f2abce487c0e34b1b9192e01388adb?s=96&d=mm&r=g","caption":"apal_mw"},"sameAs":["https:\/\/apalmw.com","https:\/\/www.facebook.com\/profile.php?id=61583036103410","https:\/\/www.instagram.com\/apal_mw","https:\/\/www.linkedin.com\/company\/apal-mw","https:\/\/www.youtube.com\/@APALMW"],"url":"https:\/\/apalmw.com\/en\/author\/apalmwnicolas\/"}]}},"_links":{"self":[{"href":"https:\/\/apalmw.com\/en\/wp-json\/wp\/v2\/posts\/102","targetHints":{"allow":["GET"]}}],"collection":[{"href":"https:\/\/apalmw.com\/en\/wp-json\/wp\/v2\/posts"}],"about":[{"href":"https:\/\/apalmw.com\/en\/wp-json\/wp\/v2\/types\/post"}],"author":[{"embeddable":true,"href":"https:\/\/apalmw.com\/en\/wp-json\/wp\/v2\/users\/1"}],"replies":[{"embeddable":true,"href":"https:\/\/apalmw.com\/en\/wp-json\/wp\/v2\/comments?post=102"}],"version-history":[{"count":5,"href":"https:\/\/apalmw.com\/en\/wp-json\/wp\/v2\/posts\/102\/revisions"}],"predecessor-version":[{"id":6136,"href":"https:\/\/apalmw.com\/en\/wp-json\/wp\/v2\/posts\/102\/revisions\/6136"}],"wp:featuredmedia":[{"embeddable":true,"href":"https:\/\/apalmw.com\/en\/wp-json\/wp\/v2\/media\/1013"}],"wp:attachment":[{"href":"https:\/\/apalmw.com\/en\/wp-json\/wp\/v2\/media?parent=102"}],"wp:term":[{"taxonomy":"category","embeddable":true,"href":"https:\/\/apalmw.com\/en\/wp-json\/wp\/v2\/categories?post=102"},{"taxonomy":"post_tag","embeddable":true,"href":"https:\/\/apalmw.com\/en\/wp-json\/wp\/v2\/tags?post=102"}],"curies":[{"name":"wp","href":"https:\/\/api.w.org\/{rel}","templated":true}]}}