{"id":100,"date":"2023-06-05T10:38:47","date_gmt":"2023-06-05T10:38:47","guid":{"rendered":"https:\/\/demo.cmssuperheroes.com\/themeforest\/solatec\/?p=100"},"modified":"2025-04-18T13:55:39","modified_gmt":"2025-04-18T12:55:39","slug":"lancement-du-portail","status":"publish","type":"post","link":"https:\/\/apalmw.com\/en\/lancement-du-portail\/","title":{"rendered":"Lancement du portail cartographique des \u00e9nergies renouvelables"},"content":{"rendered":"<div data-elementor-type=\"wp-post\" data-elementor-id=\"100\" class=\"elementor elementor-100\" data-elementor-post-type=\"post\">\n\t\t\t\t        <section class=\"elementor-section elementor-top-section elementor-element elementor-element-28912b23 elementor-section-boxed elementor-section-height-default elementor-section-height-default cms-boxed-bg-false\" data-id=\"28912b23\" data-element_type=\"section\" data-e-type=\"section\">\r\n\t\t\r\n\t\t<div class=\"cms-section-boxed-bg\"><\/div>        <div class=\"elementor-container elementor-column-gap-default\" >\r\n\t\t        <div class=\"elementor-column elementor-col-100 elementor-top-column elementor-element elementor-element-1ab446d6\" data-id=\"1ab446d6\" data-element_type=\"column\" data-e-type=\"column\">\r\n            <div class=\"elementor-widget-wrap elementor-element-populated\">\r\n                \t\t<div class=\"elementor-element elementor-element-90b6ce9 elementor-widget elementor-widget-text-editor\" data-id=\"90b6ce9\" data-element_type=\"widget\" data-e-type=\"widget\" data-widget_type=\"text-editor.default\">\n\t\t\t\t<div class=\"elementor-widget-container\">\n\t\t\t\t\t\t\t\t\t<p><strong>La loi d\u2019acc\u00e9l\u00e9ration de la production d\u2019\u00e9nergies renouvelables, port\u00e9e par Agn\u00e8s Pannier-Runacher, met les collectivit\u00e9s locales au c\u0153ur de la planification et pr\u00e9voit qu\u2019elles d\u00e9finissent des zones d\u2019acc\u00e9l\u00e9ration pour le d\u00e9veloppement des \u00e9nergies renouvelables sur leurs territoires. Afin de permettre aux \u00e9lus de mener \u00e0 bien cet exercice, et dans l\u2019objectif de rendre accessible au public l\u2019ensemble des informations relatives aux \u00e9nergies renouvelables, le minist\u00e8re de la Transition \u00e9nerg\u00e9tique, le Cerema et l\u2019Institut national de l\u2019information g\u00e9ographique et foresti\u00e8re (IGN) mettent en ligne un portail cartographique.<\/strong><\/p><p>\u00a0<\/p><p>La loi d\u2019acc\u00e9l\u00e9ration de la production d\u2019\u00e9nergies renouvelables fait de la planification territoriale une priorit\u00e9 et permet un meilleur \u00e9quilibre territorial dans l\u2019implantation des projets. En effet, la loi r\u00e9affirme le r\u00f4le crucial des collectivit\u00e9s locales en mati\u00e8re d\u2019am\u00e9nagement du territoire. Concr\u00e8tement, elle pr\u00e9voit que les communes puissent d\u00e9finir, apr\u00e8s concertation des habitants, des zones d\u2019acc\u00e9l\u00e9ration favorables \u00e0 l\u2019accueil de projets d\u2019\u00e9nergies renouvelables.<\/p><p>Le portail cartographique a vocation \u00e0 faciliter l\u2019acc\u00e8s aux donn\u00e9es et ainsi servir d\u2019outil d\u2019aide \u00e0 la d\u00e9cision pour d\u00e9finir les futures zones d\u2019acc\u00e9l\u00e9ration sur l\u2019ensemble du territoire. Gratuit et en open data, il fournit des informations sur les capacit\u00e9s de production des territoires, mais aussi sur les enjeux pour le d\u00e9veloppement des diff\u00e9rentes \u00e9nergies renouvelables (capacit\u00e9 d\u2019accueil dans le r\u00e9seau, contraintes r\u00e9glementaires\u2026).<\/p><p>Disponible en version b\u00eata, il sera compl\u00e9t\u00e9 par de nouveaux jeux de donn\u00e9es dans les prochains mois. Des outils d\u2019accompagnement seront \u00e9galement mis en ligne (tutoriels, vid\u00e9os\u2026).<\/p><p>Par ailleurs, dans chaque d\u00e9partement, un r\u00e9f\u00e9rent pr\u00e9fectoral sera nomm\u00e9 par le pr\u00e9fet de d\u00e9partement \u00e0 l\u2019instruction des projets d\u2019\u00e9nergies renouvelables. Il aura notamment pour mission d\u2019accompagner les \u00e9lus locaux dans leur travail de planification. Les directions d\u00e9partementales des territoires (DDT) et les directions r\u00e9gionales de l\u2019environnement, de l\u2019am\u00e9nagement et du logement (DREAL) l\u2019appuieront dans cette t\u00e2che et nommeront chacune en leur sein un r\u00e9f\u00e9rent \u00ab\u00a0\u00e9nergie renouvelable\u00a0\u00bb. Gr\u00e2ce \u00e0 cet appui, toutes les communes seront \u00e0 m\u00eame de d\u00e9finir leurs zones d\u2019acc\u00e9l\u00e9ration.<\/p>\t\t\t\t\t\t\t\t<\/div>\n\t\t\t\t<\/div>\n\t\t\t\t<div class=\"elementor-element elementor-element-3fd8e82 elementor-align-right elementor-widget elementor-widget-button\" data-id=\"3fd8e82\" data-element_type=\"widget\" data-e-type=\"widget\" data-widget_type=\"button.default\">\n\t\t\t\t<div class=\"elementor-widget-container\">\n\t\t\t\t\t\t\t\t\t<div class=\"elementor-button-wrapper\">\n\t\t\t\t\t<a class=\"elementor-button elementor-button-link elementor-size-sm\" href=\"https:\/\/geoservices.ign.fr\/portail-cartographique-enr\">\n\t\t\t\t\t\t<span class=\"elementor-button-content-wrapper\">\n\t\t\t\t\t\t\t\t\t<span class=\"elementor-button-text\">Decouvrez le portail ici<\/span>\n\t\t\t\t\t<\/span>\n\t\t\t\t\t<\/a>\n\t\t\t\t<\/div>\n\t\t\t\t\t\t\t\t<\/div>\n\t\t\t\t<\/div>\n\t\t            <\/div>\r\n        <\/div>\r\n        \t\t\t<\/div>\r\n\t\t<\/section>\r\n\t\t\t\t<\/div>","protected":false},"excerpt":{"rendered":"<p>Batteries are the most expensive part of a solar system. Between an appropriately-size battery bank and a battery-based<\/p>","protected":false},"author":1,"featured_media":5287,"comment_status":"closed","ping_status":"closed","sticky":false,"template":"","format":"standard","meta":{"_coblocks_attr":"","_coblocks_dimensions":"","_coblocks_responsive_height":"","_coblocks_accordion_ie_support":"","footnotes":""},"categories":[1,2,3,5,6],"tags":[8,9,10,11,12,13],"class_list":["post-100","post","type-post","status-publish","format-standard","has-post-thumbnail","hentry","category-battery","category-energie","category-eolien","category-solaire","category-systemes","tag-battery","tag-energy","tag-insights","tag-research","tag-solar","tag-systems","cms-has-post-thumbnail"],"yoast_head":"<!-- This site is optimized with the Yoast SEO plugin v27.5 - https:\/\/yoast.com\/product\/yoast-seo-wordpress\/ -->\n<title>Lancement du portail cartographique des \u00e9nergies renouvelables - APAL MW<\/title>\n<meta name=\"description\" content=\"La loi d\u2019acc\u00e9l\u00e9ration de la production d\u2019\u00e9nergies renouvelables, port\u00e9e par Agn\u00e8s Pannier-Runacher, lancement du portail cartographique.\" \/>\n<meta name=\"robots\" content=\"index, follow, max-snippet:-1, max-image-preview:large, max-video-preview:-1\" \/>\n<link rel=\"canonical\" href=\"https:\/\/apalmw.com\/en\/lancement-du-portail\/\" \/>\n<meta property=\"og:locale\" content=\"en_US\" \/>\n<meta property=\"og:type\" content=\"article\" \/>\n<meta property=\"og:title\" content=\"Lancement du portail cartographique des \u00e9nergies renouvelables - APAL MW\" \/>\n<meta property=\"og:description\" content=\"La loi d\u2019acc\u00e9l\u00e9ration de la production d\u2019\u00e9nergies renouvelables, port\u00e9e par Agn\u00e8s Pannier-Runacher, lancement du portail cartographique.\" \/>\n<meta property=\"og:url\" content=\"https:\/\/apalmw.com\/en\/lancement-du-portail\/\" \/>\n<meta property=\"og:site_name\" content=\"APAL MW\" \/>\n<meta property=\"article:author\" content=\"https:\/\/www.facebook.com\/profile.php?id=61583036103410\" \/>\n<meta property=\"article:published_time\" content=\"2023-06-05T10:38:47+00:00\" \/>\n<meta property=\"article:modified_time\" content=\"2025-04-18T12:55:39+00:00\" \/>\n<meta property=\"og:image\" content=\"https:\/\/apalmw.com\/wp-content\/uploads\/2023\/06\/IMG_3494-scaled.jpg\" \/>\n\t<meta property=\"og:image:width\" content=\"1920\" \/>\n\t<meta property=\"og:image:height\" content=\"2560\" \/>\n\t<meta property=\"og:image:type\" content=\"image\/jpeg\" \/>\n<meta name=\"author\" content=\"apal_mw\" \/>\n<meta name=\"twitter:card\" content=\"summary_large_image\" \/>\n<meta name=\"twitter:label1\" content=\"Written by\" \/>\n\t<meta name=\"twitter:data1\" content=\"apal_mw\" \/>\n\t<meta name=\"twitter:label2\" content=\"Est. reading time\" \/>\n\t<meta name=\"twitter:data2\" content=\"2 minutes\" \/>\n<script type=\"application\/ld+json\" class=\"yoast-schema-graph\">{\"@context\":\"https:\\\/\\\/schema.org\",\"@graph\":[{\"@type\":\"Article\",\"@id\":\"https:\\\/\\\/apalmw.com\\\/lancement-du-portail\\\/#article\",\"isPartOf\":{\"@id\":\"https:\\\/\\\/apalmw.com\\\/lancement-du-portail\\\/\"},\"author\":{\"name\":\"apal_mw\",\"@id\":\"https:\\\/\\\/apalmw.com\\\/#\\\/schema\\\/person\\\/c8ad8831c9e665b93c2d396cb7deaba3\"},\"headline\":\"Lancement du portail cartographique des \u00e9nergies renouvelables\",\"datePublished\":\"2023-06-05T10:38:47+00:00\",\"dateModified\":\"2025-04-18T12:55:39+00:00\",\"mainEntityOfPage\":{\"@id\":\"https:\\\/\\\/apalmw.com\\\/lancement-du-portail\\\/\"},\"wordCount\":416,\"publisher\":{\"@id\":\"https:\\\/\\\/apalmw.com\\\/#organization\"},\"image\":{\"@id\":\"https:\\\/\\\/apalmw.com\\\/lancement-du-portail\\\/#primaryimage\"},\"thumbnailUrl\":\"https:\\\/\\\/apalmw.com\\\/wp-content\\\/uploads\\\/2023\\\/06\\\/IMG_3494-scaled.jpg\",\"keywords\":[\"Battery\",\"Energy\",\"Insights\",\"Research\",\"Solar\",\"Systems\"],\"articleSection\":[\"Battery\",\"\u00c9nergie\",\"\u00c9olien\",\"Solaire\",\"Syst\u00e8mes\"],\"inLanguage\":\"en-US\"},{\"@type\":\"WebPage\",\"@id\":\"https:\\\/\\\/apalmw.com\\\/lancement-du-portail\\\/\",\"url\":\"https:\\\/\\\/apalmw.com\\\/lancement-du-portail\\\/\",\"name\":\"Lancement du portail cartographique des \u00e9nergies renouvelables - APAL MW\",\"isPartOf\":{\"@id\":\"https:\\\/\\\/apalmw.com\\\/#website\"},\"primaryImageOfPage\":{\"@id\":\"https:\\\/\\\/apalmw.com\\\/lancement-du-portail\\\/#primaryimage\"},\"image\":{\"@id\":\"https:\\\/\\\/apalmw.com\\\/lancement-du-portail\\\/#primaryimage\"},\"thumbnailUrl\":\"https:\\\/\\\/apalmw.com\\\/wp-content\\\/uploads\\\/2023\\\/06\\\/IMG_3494-scaled.jpg\",\"datePublished\":\"2023-06-05T10:38:47+00:00\",\"dateModified\":\"2025-04-18T12:55:39+00:00\",\"description\":\"La loi d\u2019acc\u00e9l\u00e9ration de la production d\u2019\u00e9nergies renouvelables, port\u00e9e par Agn\u00e8s Pannier-Runacher, lancement du portail cartographique.\",\"breadcrumb\":{\"@id\":\"https:\\\/\\\/apalmw.com\\\/lancement-du-portail\\\/#breadcrumb\"},\"inLanguage\":\"en-US\",\"potentialAction\":[{\"@type\":\"ReadAction\",\"target\":[\"https:\\\/\\\/apalmw.com\\\/lancement-du-portail\\\/\"]}]},{\"@type\":\"ImageObject\",\"inLanguage\":\"en-US\",\"@id\":\"https:\\\/\\\/apalmw.com\\\/lancement-du-portail\\\/#primaryimage\",\"url\":\"https:\\\/\\\/apalmw.com\\\/wp-content\\\/uploads\\\/2023\\\/06\\\/IMG_3494-scaled.jpg\",\"contentUrl\":\"https:\\\/\\\/apalmw.com\\\/wp-content\\\/uploads\\\/2023\\\/06\\\/IMG_3494-scaled.jpg\",\"width\":1920,\"height\":2560,\"caption\":\"L'image montre une grande \u00e9olienne situ\u00e9e au milieu d'un champ vert sous un ciel bleu clair avec quelques nuages \u00e9pars. Le champ semble \u00eatre agricole, avec des traces visibles traversant les cultures. L'horizon est plat, et il n'y a pas d'autres structures ou objets significatifs \u00e0 proximit\u00e9 imm\u00e9diate de l'\u00e9olienne.\"},{\"@type\":\"BreadcrumbList\",\"@id\":\"https:\\\/\\\/apalmw.com\\\/lancement-du-portail\\\/#breadcrumb\",\"itemListElement\":[{\"@type\":\"ListItem\",\"position\":1,\"name\":\"Accueil\",\"item\":\"https:\\\/\\\/apalmw.com\\\/\"},{\"@type\":\"ListItem\",\"position\":2,\"name\":\"Lancement du portail cartographique des \u00e9nergies renouvelables\"}]},{\"@type\":\"WebSite\",\"@id\":\"https:\\\/\\\/apalmw.com\\\/#website\",\"url\":\"https:\\\/\\\/apalmw.com\\\/\",\"name\":\"APAL MW\",\"description\":\"Ensemble vers l&#039;\u00e9nergie de demain\",\"publisher\":{\"@id\":\"https:\\\/\\\/apalmw.com\\\/#organization\"},\"alternateName\":\"APAL\",\"potentialAction\":[{\"@type\":\"SearchAction\",\"target\":{\"@type\":\"EntryPoint\",\"urlTemplate\":\"https:\\\/\\\/apalmw.com\\\/?s={search_term_string}\"},\"query-input\":{\"@type\":\"PropertyValueSpecification\",\"valueRequired\":true,\"valueName\":\"search_term_string\"}}],\"inLanguage\":\"en-US\"},{\"@type\":\"Organization\",\"@id\":\"https:\\\/\\\/apalmw.com\\\/#organization\",\"name\":\"APAL MW\",\"alternateName\":\"APALMW\",\"url\":\"https:\\\/\\\/apalmw.com\\\/\",\"logo\":{\"@type\":\"ImageObject\",\"inLanguage\":\"en-US\",\"@id\":\"https:\\\/\\\/apalmw.com\\\/#\\\/schema\\\/logo\\\/image\\\/\",\"url\":\"\",\"contentUrl\":\"\",\"caption\":\"APAL MW\"},\"image\":{\"@id\":\"https:\\\/\\\/apalmw.com\\\/#\\\/schema\\\/logo\\\/image\\\/\"},\"sameAs\":[\"https:\\\/\\\/fr.linkedin.com\\\/company\\\/apal-mw\",\"https:\\\/\\\/www.youtube.com\\\/@APALMW\"]},{\"@type\":\"Person\",\"@id\":\"https:\\\/\\\/apalmw.com\\\/#\\\/schema\\\/person\\\/c8ad8831c9e665b93c2d396cb7deaba3\",\"name\":\"apal_mw\",\"image\":{\"@type\":\"ImageObject\",\"inLanguage\":\"en-US\",\"@id\":\"https:\\\/\\\/secure.gravatar.com\\\/avatar\\\/e72f9485464a294f5b3a53988918fd0d57f2abce487c0e34b1b9192e01388adb?s=96&d=mm&r=g\",\"url\":\"https:\\\/\\\/secure.gravatar.com\\\/avatar\\\/e72f9485464a294f5b3a53988918fd0d57f2abce487c0e34b1b9192e01388adb?s=96&d=mm&r=g\",\"contentUrl\":\"https:\\\/\\\/secure.gravatar.com\\\/avatar\\\/e72f9485464a294f5b3a53988918fd0d57f2abce487c0e34b1b9192e01388adb?s=96&d=mm&r=g\",\"caption\":\"apal_mw\"},\"sameAs\":[\"https:\\\/\\\/apalmw.com\",\"https:\\\/\\\/www.facebook.com\\\/profile.php?id=61583036103410\",\"https:\\\/\\\/www.instagram.com\\\/apal_mw\",\"https:\\\/\\\/www.linkedin.com\\\/company\\\/apal-mw\",\"https:\\\/\\\/www.youtube.com\\\/@APALMW\"],\"url\":\"https:\\\/\\\/apalmw.com\\\/en\\\/author\\\/apalmwnicolas\\\/\"}]}<\/script>\n<!-- \/ Yoast SEO plugin. -->","yoast_head_json":{"title":"Lancement du portail cartographique des \u00e9nergies renouvelables - APAL MW","description":"La loi d\u2019acc\u00e9l\u00e9ration de la production d\u2019\u00e9nergies renouvelables, port\u00e9e par Agn\u00e8s Pannier-Runacher, lancement du portail cartographique.","robots":{"index":"index","follow":"follow","max-snippet":"max-snippet:-1","max-image-preview":"max-image-preview:large","max-video-preview":"max-video-preview:-1"},"canonical":"https:\/\/apalmw.com\/en\/lancement-du-portail\/","og_locale":"en_US","og_type":"article","og_title":"Lancement du portail cartographique des \u00e9nergies renouvelables - APAL MW","og_description":"La loi d\u2019acc\u00e9l\u00e9ration de la production d\u2019\u00e9nergies renouvelables, port\u00e9e par Agn\u00e8s Pannier-Runacher, lancement du portail cartographique.","og_url":"https:\/\/apalmw.com\/en\/lancement-du-portail\/","og_site_name":"APAL MW","article_author":"https:\/\/www.facebook.com\/profile.php?id=61583036103410","article_published_time":"2023-06-05T10:38:47+00:00","article_modified_time":"2025-04-18T12:55:39+00:00","og_image":[{"width":1920,"height":2560,"url":"https:\/\/apalmw.com\/wp-content\/uploads\/2023\/06\/IMG_3494-scaled.jpg","type":"image\/jpeg"}],"author":"apal_mw","twitter_card":"summary_large_image","twitter_misc":{"Written by":"apal_mw","Est. reading time":"2 minutes"},"schema":{"@context":"https:\/\/schema.org","@graph":[{"@type":"Article","@id":"https:\/\/apalmw.com\/lancement-du-portail\/#article","isPartOf":{"@id":"https:\/\/apalmw.com\/lancement-du-portail\/"},"author":{"name":"apal_mw","@id":"https:\/\/apalmw.com\/#\/schema\/person\/c8ad8831c9e665b93c2d396cb7deaba3"},"headline":"Lancement du portail cartographique des \u00e9nergies renouvelables","datePublished":"2023-06-05T10:38:47+00:00","dateModified":"2025-04-18T12:55:39+00:00","mainEntityOfPage":{"@id":"https:\/\/apalmw.com\/lancement-du-portail\/"},"wordCount":416,"publisher":{"@id":"https:\/\/apalmw.com\/#organization"},"image":{"@id":"https:\/\/apalmw.com\/lancement-du-portail\/#primaryimage"},"thumbnailUrl":"https:\/\/apalmw.com\/wp-content\/uploads\/2023\/06\/IMG_3494-scaled.jpg","keywords":["Battery","Energy","Insights","Research","Solar","Systems"],"articleSection":["Battery","\u00c9nergie","\u00c9olien","Solaire","Syst\u00e8mes"],"inLanguage":"en-US"},{"@type":"WebPage","@id":"https:\/\/apalmw.com\/lancement-du-portail\/","url":"https:\/\/apalmw.com\/lancement-du-portail\/","name":"Lancement du portail cartographique des \u00e9nergies renouvelables - APAL MW","isPartOf":{"@id":"https:\/\/apalmw.com\/#website"},"primaryImageOfPage":{"@id":"https:\/\/apalmw.com\/lancement-du-portail\/#primaryimage"},"image":{"@id":"https:\/\/apalmw.com\/lancement-du-portail\/#primaryimage"},"thumbnailUrl":"https:\/\/apalmw.com\/wp-content\/uploads\/2023\/06\/IMG_3494-scaled.jpg","datePublished":"2023-06-05T10:38:47+00:00","dateModified":"2025-04-18T12:55:39+00:00","description":"La loi d\u2019acc\u00e9l\u00e9ration de la production d\u2019\u00e9nergies renouvelables, port\u00e9e par Agn\u00e8s Pannier-Runacher, lancement du portail cartographique.","breadcrumb":{"@id":"https:\/\/apalmw.com\/lancement-du-portail\/#breadcrumb"},"inLanguage":"en-US","potentialAction":[{"@type":"ReadAction","target":["https:\/\/apalmw.com\/lancement-du-portail\/"]}]},{"@type":"ImageObject","inLanguage":"en-US","@id":"https:\/\/apalmw.com\/lancement-du-portail\/#primaryimage","url":"https:\/\/apalmw.com\/wp-content\/uploads\/2023\/06\/IMG_3494-scaled.jpg","contentUrl":"https:\/\/apalmw.com\/wp-content\/uploads\/2023\/06\/IMG_3494-scaled.jpg","width":1920,"height":2560,"caption":"L'image montre une grande \u00e9olienne situ\u00e9e au milieu d'un champ vert sous un ciel bleu clair avec quelques nuages \u00e9pars. Le champ semble \u00eatre agricole, avec des traces visibles traversant les cultures. L'horizon est plat, et il n'y a pas d'autres structures ou objets significatifs \u00e0 proximit\u00e9 imm\u00e9diate de l'\u00e9olienne."},{"@type":"BreadcrumbList","@id":"https:\/\/apalmw.com\/lancement-du-portail\/#breadcrumb","itemListElement":[{"@type":"ListItem","position":1,"name":"Accueil","item":"https:\/\/apalmw.com\/"},{"@type":"ListItem","position":2,"name":"Lancement du portail cartographique des \u00e9nergies renouvelables"}]},{"@type":"WebSite","@id":"https:\/\/apalmw.com\/#website","url":"https:\/\/apalmw.com\/","name":"APAL MW","description":"Ensemble vers l&#039;\u00e9nergie de demain","publisher":{"@id":"https:\/\/apalmw.com\/#organization"},"alternateName":"APAL","potentialAction":[{"@type":"SearchAction","target":{"@type":"EntryPoint","urlTemplate":"https:\/\/apalmw.com\/?s={search_term_string}"},"query-input":{"@type":"PropertyValueSpecification","valueRequired":true,"valueName":"search_term_string"}}],"inLanguage":"en-US"},{"@type":"Organization","@id":"https:\/\/apalmw.com\/#organization","name":"APAL MW","alternateName":"APALMW","url":"https:\/\/apalmw.com\/","logo":{"@type":"ImageObject","inLanguage":"en-US","@id":"https:\/\/apalmw.com\/#\/schema\/logo\/image\/","url":"","contentUrl":"","caption":"APAL MW"},"image":{"@id":"https:\/\/apalmw.com\/#\/schema\/logo\/image\/"},"sameAs":["https:\/\/fr.linkedin.com\/company\/apal-mw","https:\/\/www.youtube.com\/@APALMW"]},{"@type":"Person","@id":"https:\/\/apalmw.com\/#\/schema\/person\/c8ad8831c9e665b93c2d396cb7deaba3","name":"apal_mw","image":{"@type":"ImageObject","inLanguage":"en-US","@id":"https:\/\/secure.gravatar.com\/avatar\/e72f9485464a294f5b3a53988918fd0d57f2abce487c0e34b1b9192e01388adb?s=96&d=mm&r=g","url":"https:\/\/secure.gravatar.com\/avatar\/e72f9485464a294f5b3a53988918fd0d57f2abce487c0e34b1b9192e01388adb?s=96&d=mm&r=g","contentUrl":"https:\/\/secure.gravatar.com\/avatar\/e72f9485464a294f5b3a53988918fd0d57f2abce487c0e34b1b9192e01388adb?s=96&d=mm&r=g","caption":"apal_mw"},"sameAs":["https:\/\/apalmw.com","https:\/\/www.facebook.com\/profile.php?id=61583036103410","https:\/\/www.instagram.com\/apal_mw","https:\/\/www.linkedin.com\/company\/apal-mw","https:\/\/www.youtube.com\/@APALMW"],"url":"https:\/\/apalmw.com\/en\/author\/apalmwnicolas\/"}]}},"_links":{"self":[{"href":"https:\/\/apalmw.com\/en\/wp-json\/wp\/v2\/posts\/100","targetHints":{"allow":["GET"]}}],"collection":[{"href":"https:\/\/apalmw.com\/en\/wp-json\/wp\/v2\/posts"}],"about":[{"href":"https:\/\/apalmw.com\/en\/wp-json\/wp\/v2\/types\/post"}],"author":[{"embeddable":true,"href":"https:\/\/apalmw.com\/en\/wp-json\/wp\/v2\/users\/1"}],"replies":[{"embeddable":true,"href":"https:\/\/apalmw.com\/en\/wp-json\/wp\/v2\/comments?post=100"}],"version-history":[{"count":5,"href":"https:\/\/apalmw.com\/en\/wp-json\/wp\/v2\/posts\/100\/revisions"}],"predecessor-version":[{"id":8003,"href":"https:\/\/apalmw.com\/en\/wp-json\/wp\/v2\/posts\/100\/revisions\/8003"}],"wp:featuredmedia":[{"embeddable":true,"href":"https:\/\/apalmw.com\/en\/wp-json\/wp\/v2\/media\/5287"}],"wp:attachment":[{"href":"https:\/\/apalmw.com\/en\/wp-json\/wp\/v2\/media?parent=100"}],"wp:term":[{"taxonomy":"category","embeddable":true,"href":"https:\/\/apalmw.com\/en\/wp-json\/wp\/v2\/categories?post=100"},{"taxonomy":"post_tag","embeddable":true,"href":"https:\/\/apalmw.com\/en\/wp-json\/wp\/v2\/tags?post=100"}],"curies":[{"name":"wp","href":"https:\/\/api.w.org\/{rel}","templated":true}]}}